{"id":69235,"date":"2022-09-22T15:09:13","date_gmt":"2022-09-22T15:09:13","guid":{"rendered":"https:\/\/jorgezanoni.com.br\/2019\/?p=69235"},"modified":"2022-09-22T15:09:13","modified_gmt":"2022-09-22T15:09:13","slug":"policia-civil-ministra-palestras-sobre-prevencao-de-drogas-para-estudantes-em-dracena","status":"publish","type":"post","link":"https:\/\/jorgezanoni.com.br\/2019\/policia-civil-ministra-palestras-sobre-prevencao-de-drogas-para-estudantes-em-dracena\/","title":{"rendered":"Pol\u00edcia Civil ministra palestras sobre preven\u00e7\u00e3o de Drogas para estudantes em Dracena"},"content":{"rendered":"<p style=\"text-align: justify;\"><strong>PREVEN\u00c7\u00c3O: POL\u00cdCIA CIVIL D\u00c1 CONTINUIDADE AO CICLO DE PALESTRAS SOBRE PREVEN\u00c7\u00c3O \u00c0S DROGAS PARA ESTUDANTES EM DRACENA.<\/strong><\/p>\n<p style=\"text-align: justify;\">A Pol\u00edcia Civil, por interm\u00e9dio da Delegacia de Pol\u00edcia Seccional de Pol\u00edcia de Dracena, deu continuidade na manh\u00e3 desta quarta-feira (21), a mais uma palestra, na Escola Estadual 9 de Julho, sobre preven\u00e7\u00e3o ao uso nocivo de drogas. Desta feita, foram beneficiados alunos que est\u00e3o cursando 8 anos do ensino fundamental.<\/p>\n<p style=\"text-align: justify;\">Durante encontro, o agente policial Reginaldo Rosa fazendo uso de recurso audiovisual, abordou t\u00f3picos importantes sobre o tema discutido, como: conceitos, tipos e origens das subst\u00e2ncias entorpecentes. Lembrou ainda que, muitas vezes, \u00e9 no seio familiar que ocorrem os primeiros contatos com as drogas.<br \/>\nO agente tamb\u00e9m ressaltou sobre o poder de escolha e decis\u00e3o, que \u00e9 pr\u00f3pria cada indiv\u00edduo, bem como as suas consequ\u00eancias futuras. E que a sedu\u00e7\u00e3o ao mundo atrativo das drogas pode interromper sonho.<\/p>\n<p style=\"text-align: justify;\">O objetivo da dire\u00e7\u00e3o da escola e da Pol\u00edcia Civil \u00e9 difundir ao m\u00e1ximo as orienta\u00e7\u00f5es preventivas e conscientizar os estudantes para os perigos da drogadi\u00e7\u00e3o precoce. Fazendo com que os alunos possam por si s\u00f3 fazer op\u00e7\u00e3o do n\u00e3o uso das substancias que podem causar a depend\u00eancia qu\u00edmica, podendo ser elas l\u00edcitas ou il\u00edcitas.<br \/>\nAo final, do bate papo foi um aberto espa\u00e7o para sanar as d\u00favidas sobre o tema.<\/p>\n<p style=\"text-align: justify;\">A Pol\u00edcia Civil realizou ao longo de duas semanas 4 encontros que totalizaram a participa\u00e7\u00e3o de mais de 300 alunos do ensino fundamental e m\u00e9dio.<\/p>\n<p style=\"text-align: justify;\"><img loading=\"lazy\" decoding=\"async\" class=\"alignnone size-full wp-image-69237\" src=\"https:\/\/jorgezanoni.com.br\/2019\/wp-content\/uploads\/2022\/09\/pc1.jpg\" alt=\"\" width=\"700\" height=\"525\" srcset=\"https:\/\/jorgezanoni.com.br\/2019\/wp-content\/uploads\/2022\/09\/pc1.jpg 700w, https:\/\/jorgezanoni.com.br\/2019\/wp-content\/uploads\/2022\/09\/pc1-300x225.jpg 300w, https:\/\/jorgezanoni.com.br\/2019\/wp-content\/uploads\/2022\/09\/pc1-80x60.jpg 80w, https:\/\/jorgezanoni.com.br\/2019\/wp-content\/uploads\/2022\/09\/pc1-265x198.jpg 265w, https:\/\/jorgezanoni.com.br\/2019\/wp-content\/uploads\/2022\/09\/pc1-696x522.jpg 696w, https:\/\/jorgezanoni.com.br\/2019\/wp-content\/uploads\/2022\/09\/pc1-560x420.jpg 560w\" sizes=\"auto, (max-width: 700px) 100vw, 700px\" \/> <img loading=\"lazy\" decoding=\"async\" class=\"alignnone size-full wp-image-69238\" src=\"https:\/\/jorgezanoni.com.br\/2019\/wp-content\/uploads\/2022\/09\/pc2.jpg\" alt=\"\" width=\"700\" height=\"525\" srcset=\"https:\/\/jorgezanoni.com.br\/2019\/wp-content\/uploads\/2022\/09\/pc2.jpg 700w, https:\/\/jorgezanoni.com.br\/2019\/wp-content\/uploads\/2022\/09\/pc2-300x225.jpg 300w, https:\/\/jorgezanoni.com.br\/2019\/wp-content\/uploads\/2022\/09\/pc2-80x60.jpg 80w, https:\/\/jorgezanoni.com.br\/2019\/wp-content\/uploads\/2022\/09\/pc2-265x198.jpg 265w, https:\/\/jorgezanoni.com.br\/2019\/wp-content\/uploads\/2022\/09\/pc2-696x522.jpg 696w, https:\/\/jorgezanoni.com.br\/2019\/wp-content\/uploads\/2022\/09\/pc2-560x420.jpg 560w\" sizes=\"auto, (max-width: 700px) 100vw, 700px\" \/> <img loading=\"lazy\" decoding=\"async\" class=\"alignnone size-full wp-image-69239\" src=\"https:\/\/jorgezanoni.com.br\/2019\/wp-content\/uploads\/2022\/09\/pc3.jpg\" alt=\"\" width=\"700\" height=\"525\" srcset=\"https:\/\/jorgezanoni.com.br\/2019\/wp-content\/uploads\/2022\/09\/pc3.jpg 700w, https:\/\/jorgezanoni.com.br\/2019\/wp-content\/uploads\/2022\/09\/pc3-300x225.jpg 300w, https:\/\/jorgezanoni.com.br\/2019\/wp-content\/uploads\/2022\/09\/pc3-80x60.jpg 80w, https:\/\/jorgezanoni.com.br\/2019\/wp-content\/uploads\/2022\/09\/pc3-265x198.jpg 265w, https:\/\/jorgezanoni.com.br\/2019\/wp-content\/uploads\/2022\/09\/pc3-696x522.jpg 696w, https:\/\/jorgezanoni.com.br\/2019\/wp-content\/uploads\/2022\/09\/pc3-560x420.jpg 560w\" sizes=\"auto, (max-width: 700px) 100vw, 700px\" \/><\/p>\n<p>Fonte: Com. Social Pol\u00edcia Civil<\/p>\n<p>&nbsp;<\/p>\n","protected":false},"excerpt":{"rendered":"<p>PREVEN\u00c7\u00c3O: POL\u00cdCIA CIVIL D\u00c1 CONTINUIDADE AO CICLO DE PALESTRAS SOBRE PREVEN\u00c7\u00c3O \u00c0S DROGAS PARA ESTUDANTES EM DRACENA. A Pol\u00edcia Civil, por interm\u00e9dio da Delegacia de Pol\u00edcia Seccional de Pol\u00edcia de Dracena, deu continuidade na manh\u00e3 desta quarta-feira (21), a mais uma palestra, na Escola Estadual 9 de Julho, sobre preven\u00e7\u00e3o ao uso nocivo de drogas. [&hellip;]<\/p>\n","protected":false},"author":1,"featured_media":69236,"comment_status":"closed","ping_status":"open","sticky":false,"template":"","format":"standard","meta":{"footnotes":""},"categories":[110,2],"tags":[],"class_list":["post-69235","post","type-post","status-publish","format-standard","has-post-thumbnail","hentry","category-noticiasdestaque","category-policial"],"_links":{"self":[{"href":"https:\/\/jorgezanoni.com.br\/2019\/wp-json\/wp\/v2\/posts\/69235","targetHints":{"allow":["GET"]}}],"collection":[{"href":"https:\/\/jorgezanoni.com.br\/2019\/wp-json\/wp\/v2\/posts"}],"about":[{"href":"https:\/\/jorgezanoni.com.br\/2019\/wp-json\/wp\/v2\/types\/post"}],"author":[{"embeddable":true,"href":"https:\/\/jorgezanoni.com.br\/2019\/wp-json\/wp\/v2\/users\/1"}],"replies":[{"embeddable":true,"href":"https:\/\/jorgezanoni.com.br\/2019\/wp-json\/wp\/v2\/comments?post=69235"}],"version-history":[{"count":1,"href":"https:\/\/jorgezanoni.com.br\/2019\/wp-json\/wp\/v2\/posts\/69235\/revisions"}],"predecessor-version":[{"id":69241,"href":"https:\/\/jorgezanoni.com.br\/2019\/wp-json\/wp\/v2\/posts\/69235\/revisions\/69241"}],"wp:featuredmedia":[{"embeddable":true,"href":"https:\/\/jorgezanoni.com.br\/2019\/wp-json\/wp\/v2\/media\/69236"}],"wp:attachment":[{"href":"https:\/\/jorgezanoni.com.br\/2019\/wp-json\/wp\/v2\/media?parent=69235"}],"wp:term":[{"taxonomy":"category","embeddable":true,"href":"https:\/\/jorgezanoni.com.br\/2019\/wp-json\/wp\/v2\/categories?post=69235"},{"taxonomy":"post_tag","embeddable":true,"href":"https:\/\/jorgezanoni.com.br\/2019\/wp-json\/wp\/v2\/tags?post=69235"}],"curies":[{"name":"wp","href":"https:\/\/api.w.org\/{rel}","templated":true}]}}