{"id":69210,"date":"2022-09-21T15:25:42","date_gmt":"2022-09-21T15:25:42","guid":{"rendered":"https:\/\/jorgezanoni.com.br\/2019\/?p=69210"},"modified":"2022-09-21T15:34:34","modified_gmt":"2022-09-21T15:34:34","slug":"morre-o-sr-altamir-alves-dos-santos-ex-provedor-da-santa-casa-de-dracena","status":"publish","type":"post","link":"https:\/\/jorgezanoni.com.br\/2019\/morre-o-sr-altamir-alves-dos-santos-ex-provedor-da-santa-casa-de-dracena\/","title":{"rendered":"Morre o sr. Altamir Alves dos Santos ex-provedor da Santa Casa de Dracena"},"content":{"rendered":"<p style=\"text-align: justify;\">Comunicamos com pesar o falecimento do sr. Altamir Alves dos Santos de 77 anos, ex-provedor da Santa Casa de Dracena.<\/p>\n<p style=\"text-align: justify;\">Irm\u00e3o Benem\u00e9rito e Provedor da Santa Casa de Dracena no per\u00edodo de 14\/06\/2.010 at\u00e9 12\/06\/2.020, tendo sido reeleito por 5 mandatos de 2 anos cada.<\/p>\n<p style=\"text-align: justify;\">Deixa esposa, filhos, irm\u00e3os, nora, genro, netos, demais familiares e uma grande legi\u00e3o de amigos.<\/p>\n<p style=\"text-align: justify;\">O Vel\u00f3rio acontece no memorial Vida Prev hoje (21) das 14 \u00e0s 22 H. e amanh\u00e3 (22) das 7 \u00e0s 10 H., quando acontece o Sepultamento no Cemit\u00e9rio Municipal de Dracena.<\/p>\n<p style=\"text-align: justify;\">O Site JZ se solidariza com a fam\u00edlia, amigos e toda diretoria e colaboradores da Santa Casa neste dif\u00edcil momento.<\/p>\n<p style=\"text-align: justify;\">Jorge Zanoni<\/p>\n<p><img loading=\"lazy\" decoding=\"async\" class=\"alignnone size-full wp-image-69214\" src=\"https:\/\/jorgezanoni.com.br\/2019\/wp-content\/uploads\/2022\/09\/Altamir-1.jpg\" alt=\"\" width=\"1280\" height=\"1279\" srcset=\"https:\/\/jorgezanoni.com.br\/2019\/wp-content\/uploads\/2022\/09\/Altamir-1.jpg 1280w, https:\/\/jorgezanoni.com.br\/2019\/wp-content\/uploads\/2022\/09\/Altamir-1-300x300.jpg 300w, https:\/\/jorgezanoni.com.br\/2019\/wp-content\/uploads\/2022\/09\/Altamir-1-1024x1024.jpg 1024w, https:\/\/jorgezanoni.com.br\/2019\/wp-content\/uploads\/2022\/09\/Altamir-1-150x150.jpg 150w, https:\/\/jorgezanoni.com.br\/2019\/wp-content\/uploads\/2022\/09\/Altamir-1-768x767.jpg 768w, https:\/\/jorgezanoni.com.br\/2019\/wp-content\/uploads\/2022\/09\/Altamir-1-696x695.jpg 696w, https:\/\/jorgezanoni.com.br\/2019\/wp-content\/uploads\/2022\/09\/Altamir-1-1068x1067.jpg 1068w, https:\/\/jorgezanoni.com.br\/2019\/wp-content\/uploads\/2022\/09\/Altamir-1-420x420.jpg 420w\" sizes=\"auto, (max-width: 1280px) 100vw, 1280px\" \/><\/p>\n<p>&nbsp;<\/p>\n<p>&nbsp;<\/p>\n<p>&nbsp;<\/p>\n","protected":false},"excerpt":{"rendered":"<p>Comunicamos com pesar o falecimento do sr. Altamir Alves dos Santos de 77 anos, ex-provedor da Santa Casa de Dracena. Irm\u00e3o Benem\u00e9rito e Provedor da Santa Casa de Dracena no per\u00edodo de 14\/06\/2.010 at\u00e9 12\/06\/2.020, tendo sido reeleito por 5 mandatos de 2 anos cada. Deixa esposa, filhos, irm\u00e3os, nora, genro, netos, demais familiares e [&hellip;]<\/p>\n","protected":false},"author":1,"featured_media":69211,"comment_status":"closed","ping_status":"open","sticky":false,"template":"","format":"standard","meta":{"footnotes":""},"categories":[178,110],"tags":[],"class_list":["post-69210","post","type-post","status-publish","format-standard","has-post-thumbnail","hentry","category-notadefalecimento","category-noticiasdestaque"],"_links":{"self":[{"href":"https:\/\/jorgezanoni.com.br\/2019\/wp-json\/wp\/v2\/posts\/69210","targetHints":{"allow":["GET"]}}],"collection":[{"href":"https:\/\/jorgezanoni.com.br\/2019\/wp-json\/wp\/v2\/posts"}],"about":[{"href":"https:\/\/jorgezanoni.com.br\/2019\/wp-json\/wp\/v2\/types\/post"}],"author":[{"embeddable":true,"href":"https:\/\/jorgezanoni.com.br\/2019\/wp-json\/wp\/v2\/users\/1"}],"replies":[{"embeddable":true,"href":"https:\/\/jorgezanoni.com.br\/2019\/wp-json\/wp\/v2\/comments?post=69210"}],"version-history":[{"count":3,"href":"https:\/\/jorgezanoni.com.br\/2019\/wp-json\/wp\/v2\/posts\/69210\/revisions"}],"predecessor-version":[{"id":69215,"href":"https:\/\/jorgezanoni.com.br\/2019\/wp-json\/wp\/v2\/posts\/69210\/revisions\/69215"}],"wp:featuredmedia":[{"embeddable":true,"href":"https:\/\/jorgezanoni.com.br\/2019\/wp-json\/wp\/v2\/media\/69211"}],"wp:attachment":[{"href":"https:\/\/jorgezanoni.com.br\/2019\/wp-json\/wp\/v2\/media?parent=69210"}],"wp:term":[{"taxonomy":"category","embeddable":true,"href":"https:\/\/jorgezanoni.com.br\/2019\/wp-json\/wp\/v2\/categories?post=69210"},{"taxonomy":"post_tag","embeddable":true,"href":"https:\/\/jorgezanoni.com.br\/2019\/wp-json\/wp\/v2\/tags?post=69210"}],"curies":[{"name":"wp","href":"https:\/\/api.w.org\/{rel}","templated":true}]}}