{"id":69184,"date":"2022-09-20T23:59:56","date_gmt":"2022-09-20T23:59:56","guid":{"rendered":"https:\/\/jorgezanoni.com.br\/2019\/?p=69184"},"modified":"2022-09-20T23:59:56","modified_gmt":"2022-09-20T23:59:56","slug":"aprenda-a-votar-corretamente-dracena-conta-com-espaco-politico","status":"publish","type":"post","link":"https:\/\/jorgezanoni.com.br\/2019\/aprenda-a-votar-corretamente-dracena-conta-com-espaco-politico\/","title":{"rendered":"APRENDA A VOTAR CORRETAMENTE: Dracena conta com Espa\u00e7o pol\u00edtico"},"content":{"rendered":"<p style=\"text-align: justify;\">At\u00e9 \u00e0s v\u00e9speras da elei\u00e7\u00e3o, Dracena passa a contar com o &#8220;Espa\u00e7o Pol\u00edtico&#8221;, onde o eleitor pode simular seu voto e aprender a votar corretamente.<\/p>\n<p style=\"text-align: justify;\">N\u00e3o s\u00e3o indicados candidatos, apenas a ordem de vota\u00e7\u00e3o, pois muitas pessoas ainda n\u00e3o sabem como votar.<\/p>\n<p style=\"text-align: justify;\">A ordem correta \u00e9: Deputado Federal, Deputado Estadual, Senador, Governador e por \u00faltimo Presidente.<\/p>\n<p style=\"text-align: justify;\">D\u00ea uma passada na Avenida dos Expedicion\u00e1rios, 1063, em frente ao Banco Santander e conhe\u00e7a o &#8220;Espa\u00e7o Pol\u00edtico&#8221;.<\/p>\n<p><img loading=\"lazy\" decoding=\"async\" class=\"alignnone size-full wp-image-69189\" src=\"https:\/\/jorgezanoni.com.br\/2019\/wp-content\/uploads\/2022\/09\/zezinho-1.jpg\" alt=\"\" width=\"700\" height=\"273\" srcset=\"https:\/\/jorgezanoni.com.br\/2019\/wp-content\/uploads\/2022\/09\/zezinho-1.jpg 700w, https:\/\/jorgezanoni.com.br\/2019\/wp-content\/uploads\/2022\/09\/zezinho-1-300x117.jpg 300w, https:\/\/jorgezanoni.com.br\/2019\/wp-content\/uploads\/2022\/09\/zezinho-1-696x271.jpg 696w\" sizes=\"auto, (max-width: 700px) 100vw, 700px\" \/>\u00a0Iniciativa do ex-prefeito Zezinho Garcia.<\/p>\n<p>&nbsp;<\/p>\n","protected":false},"excerpt":{"rendered":"<p>At\u00e9 \u00e0s v\u00e9speras da elei\u00e7\u00e3o, Dracena passa a contar com o &#8220;Espa\u00e7o Pol\u00edtico&#8221;, onde o eleitor pode simular seu voto e aprender a votar corretamente. N\u00e3o s\u00e3o indicados candidatos, apenas a ordem de vota\u00e7\u00e3o, pois muitas pessoas ainda n\u00e3o sabem como votar. A ordem correta \u00e9: Deputado Federal, Deputado Estadual, Senador, Governador e por \u00faltimo [&hellip;]<\/p>\n","protected":false},"author":1,"featured_media":69188,"comment_status":"closed","ping_status":"open","sticky":false,"template":"","format":"standard","meta":{"footnotes":""},"categories":[110,116],"tags":[],"class_list":["post-69184","post","type-post","status-publish","format-standard","has-post-thumbnail","hentry","category-noticiasdestaque","category-politicaeeconomia"],"_links":{"self":[{"href":"https:\/\/jorgezanoni.com.br\/2019\/wp-json\/wp\/v2\/posts\/69184","targetHints":{"allow":["GET"]}}],"collection":[{"href":"https:\/\/jorgezanoni.com.br\/2019\/wp-json\/wp\/v2\/posts"}],"about":[{"href":"https:\/\/jorgezanoni.com.br\/2019\/wp-json\/wp\/v2\/types\/post"}],"author":[{"embeddable":true,"href":"https:\/\/jorgezanoni.com.br\/2019\/wp-json\/wp\/v2\/users\/1"}],"replies":[{"embeddable":true,"href":"https:\/\/jorgezanoni.com.br\/2019\/wp-json\/wp\/v2\/comments?post=69184"}],"version-history":[{"count":1,"href":"https:\/\/jorgezanoni.com.br\/2019\/wp-json\/wp\/v2\/posts\/69184\/revisions"}],"predecessor-version":[{"id":69191,"href":"https:\/\/jorgezanoni.com.br\/2019\/wp-json\/wp\/v2\/posts\/69184\/revisions\/69191"}],"wp:featuredmedia":[{"embeddable":true,"href":"https:\/\/jorgezanoni.com.br\/2019\/wp-json\/wp\/v2\/media\/69188"}],"wp:attachment":[{"href":"https:\/\/jorgezanoni.com.br\/2019\/wp-json\/wp\/v2\/media?parent=69184"}],"wp:term":[{"taxonomy":"category","embeddable":true,"href":"https:\/\/jorgezanoni.com.br\/2019\/wp-json\/wp\/v2\/categories?post=69184"},{"taxonomy":"post_tag","embeddable":true,"href":"https:\/\/jorgezanoni.com.br\/2019\/wp-json\/wp\/v2\/tags?post=69184"}],"curies":[{"name":"wp","href":"https:\/\/api.w.org\/{rel}","templated":true}]}}