{"id":69178,"date":"2022-09-20T21:22:20","date_gmt":"2022-09-20T21:22:20","guid":{"rendered":"https:\/\/jorgezanoni.com.br\/2019\/?p=69178"},"modified":"2022-09-20T21:22:20","modified_gmt":"2022-09-20T21:22:20","slug":"policia-militar-captura-procurados-da-justica-em-dracena-junqueiropolis-e-tupi-paulista","status":"publish","type":"post","link":"https:\/\/jorgezanoni.com.br\/2019\/policia-militar-captura-procurados-da-justica-em-dracena-junqueiropolis-e-tupi-paulista\/","title":{"rendered":"Pol\u00edcia Militar captura procurados da justi\u00e7a em Dracena, Junqueir\u00f3polis e Tupi Paulista"},"content":{"rendered":"<p style=\"text-align: justify;\">POL\u00cdCIA MILITAR EM JUNQUEIR\u00d3POLIS CAPTURA PROCURADO DA JUSTI\u00c7A PELO CRIME DE EXTORS\u00c3O<\/p>\n<p style=\"text-align: justify;\">Na data de hoje (20) por volta das 13h50min a equipe da Pol\u00edcia Militar em Junqueir\u00f3polis recebeu uma informa\u00e7\u00e3o de que havia um mandado de pris\u00e3o em aberto para o autor de 21 anos. Ao ser abordado em frente a sua resid\u00eancia no bairro Jardim Alvorada, foi dado ci\u00eancia do mandado de pris\u00e3o em seu desfavor expedido pelo F\u00f3rum de Junqueir\u00f3polis com pena definitiva de 6 anos, dois meses e vinte dias no regime semiaberto com base no art. 158 (extors\u00e3o). Foi dada voz de pris\u00e3o permanecendo preso \u00e0 disposi\u00e7\u00e3o da Justi\u00e7a.<\/p>\n<p style=\"text-align: justify;\">POL\u00cdCIA MILITAR EM DRACENA CAPTURA PROCURADO DA JUSTI\u00c7A<\/p>\n<p style=\"text-align: justify;\">Na data de ontem (19)\u00a0 por volta das 23h50min a equipe da Pol\u00edcia Militar em Dracena pela Rodovia SP 294 Km 653, durante atendimento de ocorr\u00eancia de um indiv\u00edduo em atitude fundada suspeita. No local dos fatos realizado a abordagem do indiv\u00edduo, onde foi submetido a busca pessoal, nada foi localizado, por\u00e9m durante a entrevista, com conversas desconexas, foi realizado pesquisa via COPOM onde foi constatado um mandado de pris\u00e3o em desfavor do abordado. Diante dos fatos o indiv\u00edduo foi detido e permaneceu \u00e0 disposi\u00e7\u00e3o da Justi\u00e7a.<\/p>\n<p style=\"text-align: justify;\">HOMEM \u00c9 CAPTURADO PELA POL\u00cdCIA MILITAR EM TUPI PAULISTA<\/p>\n<p style=\"text-align: justify;\">Na data de hoje (20) por volta das 14h40min a equipe da pol\u00edcia militar em tupi paulista, em patrulhamento preventivo pela \u00e1rea central da cidade, visualizou um indiv\u00edduo (homem, 47 anos), j\u00e1 conhecido dos policiais ter no dia 17 de setembro, danificado e retirado a tornozeleira eletr\u00f4nica. Consta que o recapturado estava em benef\u00edcio da sa\u00edda tempor\u00e1rio, com o retorno previsto para o dia 19 de setembro de 2022. Durante consulta via Copom, foi verificado extensa ficha criminal, incluindo os artigos. 157, 331, 121 e evadido do sistema prisional pelo art. 155. Diante do fato, o indiv\u00edduo foi recapturado, permanecendo preso \u00e0 disposi\u00e7\u00e3o da Justi\u00e7a.<\/p>\n<p style=\"text-align: justify;\">#25bpmi<br \/>\n#cpi8<br \/>\n#POLICIAMILITARSP<br \/>\n#AFOR\u00c7AP\u00daBLICADES\u00c3OPAULO<br \/>\nComunica\u00e7\u00e3o Social do 25BPMI e regi\u00e3o<\/p>\n","protected":false},"excerpt":{"rendered":"<p>POL\u00cdCIA MILITAR EM JUNQUEIR\u00d3POLIS CAPTURA PROCURADO DA JUSTI\u00c7A PELO CRIME DE EXTORS\u00c3O Na data de hoje (20) por volta das 13h50min a equipe da Pol\u00edcia Militar em Junqueir\u00f3polis recebeu uma informa\u00e7\u00e3o de que havia um mandado de pris\u00e3o em aberto para o autor de 21 anos. Ao ser abordado em frente a sua resid\u00eancia no [&hellip;]<\/p>\n","protected":false},"author":1,"featured_media":69179,"comment_status":"closed","ping_status":"open","sticky":false,"template":"","format":"standard","meta":{"footnotes":""},"categories":[110,2],"tags":[],"class_list":["post-69178","post","type-post","status-publish","format-standard","has-post-thumbnail","hentry","category-noticiasdestaque","category-policial"],"_links":{"self":[{"href":"https:\/\/jorgezanoni.com.br\/2019\/wp-json\/wp\/v2\/posts\/69178","targetHints":{"allow":["GET"]}}],"collection":[{"href":"https:\/\/jorgezanoni.com.br\/2019\/wp-json\/wp\/v2\/posts"}],"about":[{"href":"https:\/\/jorgezanoni.com.br\/2019\/wp-json\/wp\/v2\/types\/post"}],"author":[{"embeddable":true,"href":"https:\/\/jorgezanoni.com.br\/2019\/wp-json\/wp\/v2\/users\/1"}],"replies":[{"embeddable":true,"href":"https:\/\/jorgezanoni.com.br\/2019\/wp-json\/wp\/v2\/comments?post=69178"}],"version-history":[{"count":1,"href":"https:\/\/jorgezanoni.com.br\/2019\/wp-json\/wp\/v2\/posts\/69178\/revisions"}],"predecessor-version":[{"id":69180,"href":"https:\/\/jorgezanoni.com.br\/2019\/wp-json\/wp\/v2\/posts\/69178\/revisions\/69180"}],"wp:featuredmedia":[{"embeddable":true,"href":"https:\/\/jorgezanoni.com.br\/2019\/wp-json\/wp\/v2\/media\/69179"}],"wp:attachment":[{"href":"https:\/\/jorgezanoni.com.br\/2019\/wp-json\/wp\/v2\/media?parent=69178"}],"wp:term":[{"taxonomy":"category","embeddable":true,"href":"https:\/\/jorgezanoni.com.br\/2019\/wp-json\/wp\/v2\/categories?post=69178"},{"taxonomy":"post_tag","embeddable":true,"href":"https:\/\/jorgezanoni.com.br\/2019\/wp-json\/wp\/v2\/tags?post=69178"}],"curies":[{"name":"wp","href":"https:\/\/api.w.org\/{rel}","templated":true}]}}