{"id":69152,"date":"2022-09-20T00:57:12","date_gmt":"2022-09-20T00:57:12","guid":{"rendered":"https:\/\/jorgezanoni.com.br\/2019\/?p=69152"},"modified":"2022-09-20T00:57:12","modified_gmt":"2022-09-20T00:57:12","slug":"profissao-policia-civil-ministra-palestra-vocacional-para-alunos-do-3o-ano-do-ensino-medio-em-dracena","status":"publish","type":"post","link":"https:\/\/jorgezanoni.com.br\/2019\/profissao-policia-civil-ministra-palestra-vocacional-para-alunos-do-3o-ano-do-ensino-medio-em-dracena\/","title":{"rendered":"PROFISS\u00c3O: Pol\u00edcia Civil ministra Palestra Vocacional para alunos do 3\u00ba Ano do Ensino M\u00e9dio em Dracena"},"content":{"rendered":"<p style=\"text-align: justify;\">A Pol\u00edcia Civil, por interm\u00e9dio da Delegacia de Pol\u00edcia Seccional de Pol\u00edcia de Dracena, realizou na manh\u00e3 desta segunda-feira (19), uma palestra na Escola Estadual 9 de Julho, sobre a Institui\u00e7\u00e3o Policial Civil e o quadro de carreiras que comp\u00f5em a estrutura organizacional dos servi\u00e7os de pol\u00edcia judiciaria prestados \u00e0 sociedade. Alunos que est\u00e3o cursando o 3\u00ba ano, do ensino m\u00e9dio, participaram do evento que faz parte do Programa Projeto de Vida, que tem por objetivo ajudar o estudante a fazer escolha da futura profiss\u00e3o.<\/p>\n<p style=\"text-align: justify;\">Na ocasi\u00e3o do encontro, o agente policial Reginaldo Rosa falou sobre a rotina do dia a dia de trabalho, das diferen\u00e7as entre as policias brasileiras existentes, as quais integram o rol do artigo 144, da Constitui\u00e7\u00e3o Federal de 1988. E salientou ainda sobre a responsabilidade que a carreira traz, e que a escolha para se tornar um profissional de seguran\u00e7a p\u00fablica vai al\u00e9m de profiss\u00e3o, mas de voca\u00e7\u00e3o e dedica\u00e7\u00e3o.<\/p>\n<p style=\"text-align: justify;\">Ao final, a dire\u00e7\u00e3o da escola agradeceu parceria com a Pol\u00edcia Civil, enaltecendo que as orienta\u00e7\u00f5es repassadas ser\u00e3o muito \u00fateis na forma\u00e7\u00e3o moral e nas escolhas futuras dos alunos.<\/p>\n<p><img loading=\"lazy\" decoding=\"async\" class=\"alignnone size-full wp-image-69154\" src=\"https:\/\/jorgezanoni.com.br\/2019\/wp-content\/uploads\/2022\/09\/pal1.jpg\" alt=\"\" width=\"700\" height=\"310\" srcset=\"https:\/\/jorgezanoni.com.br\/2019\/wp-content\/uploads\/2022\/09\/pal1.jpg 700w, https:\/\/jorgezanoni.com.br\/2019\/wp-content\/uploads\/2022\/09\/pal1-300x133.jpg 300w, https:\/\/jorgezanoni.com.br\/2019\/wp-content\/uploads\/2022\/09\/pal1-696x308.jpg 696w\" sizes=\"auto, (max-width: 700px) 100vw, 700px\" \/> <img loading=\"lazy\" decoding=\"async\" class=\"alignnone size-full wp-image-69155\" src=\"https:\/\/jorgezanoni.com.br\/2019\/wp-content\/uploads\/2022\/09\/pal2.jpg\" alt=\"\" width=\"700\" height=\"321\" srcset=\"https:\/\/jorgezanoni.com.br\/2019\/wp-content\/uploads\/2022\/09\/pal2.jpg 700w, https:\/\/jorgezanoni.com.br\/2019\/wp-content\/uploads\/2022\/09\/pal2-300x138.jpg 300w, https:\/\/jorgezanoni.com.br\/2019\/wp-content\/uploads\/2022\/09\/pal2-696x319.jpg 696w\" sizes=\"auto, (max-width: 700px) 100vw, 700px\" \/><\/p>\n<p style=\"text-align: justify;\">Fonte: Com. Social Pol\u00edcia Civil<\/p>\n","protected":false},"excerpt":{"rendered":"<p>A Pol\u00edcia Civil, por interm\u00e9dio da Delegacia de Pol\u00edcia Seccional de Pol\u00edcia de Dracena, realizou na manh\u00e3 desta segunda-feira (19), uma palestra na Escola Estadual 9 de Julho, sobre a Institui\u00e7\u00e3o Policial Civil e o quadro de carreiras que comp\u00f5em a estrutura organizacional dos servi\u00e7os de pol\u00edcia judiciaria prestados \u00e0 sociedade. Alunos que est\u00e3o cursando [&hellip;]<\/p>\n","protected":false},"author":1,"featured_media":69153,"comment_status":"closed","ping_status":"open","sticky":false,"template":"","format":"standard","meta":{"footnotes":""},"categories":[110,2],"tags":[],"class_list":["post-69152","post","type-post","status-publish","format-standard","has-post-thumbnail","hentry","category-noticiasdestaque","category-policial"],"_links":{"self":[{"href":"https:\/\/jorgezanoni.com.br\/2019\/wp-json\/wp\/v2\/posts\/69152","targetHints":{"allow":["GET"]}}],"collection":[{"href":"https:\/\/jorgezanoni.com.br\/2019\/wp-json\/wp\/v2\/posts"}],"about":[{"href":"https:\/\/jorgezanoni.com.br\/2019\/wp-json\/wp\/v2\/types\/post"}],"author":[{"embeddable":true,"href":"https:\/\/jorgezanoni.com.br\/2019\/wp-json\/wp\/v2\/users\/1"}],"replies":[{"embeddable":true,"href":"https:\/\/jorgezanoni.com.br\/2019\/wp-json\/wp\/v2\/comments?post=69152"}],"version-history":[{"count":1,"href":"https:\/\/jorgezanoni.com.br\/2019\/wp-json\/wp\/v2\/posts\/69152\/revisions"}],"predecessor-version":[{"id":69156,"href":"https:\/\/jorgezanoni.com.br\/2019\/wp-json\/wp\/v2\/posts\/69152\/revisions\/69156"}],"wp:featuredmedia":[{"embeddable":true,"href":"https:\/\/jorgezanoni.com.br\/2019\/wp-json\/wp\/v2\/media\/69153"}],"wp:attachment":[{"href":"https:\/\/jorgezanoni.com.br\/2019\/wp-json\/wp\/v2\/media?parent=69152"}],"wp:term":[{"taxonomy":"category","embeddable":true,"href":"https:\/\/jorgezanoni.com.br\/2019\/wp-json\/wp\/v2\/categories?post=69152"},{"taxonomy":"post_tag","embeddable":true,"href":"https:\/\/jorgezanoni.com.br\/2019\/wp-json\/wp\/v2\/tags?post=69152"}],"curies":[{"name":"wp","href":"https:\/\/api.w.org\/{rel}","templated":true}]}}