{"id":69148,"date":"2022-09-20T00:47:17","date_gmt":"2022-09-20T00:47:17","guid":{"rendered":"https:\/\/jorgezanoni.com.br\/2019\/?p=69148"},"modified":"2022-09-20T00:47:17","modified_gmt":"2022-09-20T00:47:17","slug":"policia-civil-localiza-e-recupera-motocicleta-furtada-em-dracena","status":"publish","type":"post","link":"https:\/\/jorgezanoni.com.br\/2019\/policia-civil-localiza-e-recupera-motocicleta-furtada-em-dracena\/","title":{"rendered":"Pol\u00edcia Civil localiza e recupera Motocicleta furtada em Dracena"},"content":{"rendered":"<p style=\"text-align: justify;\">A Pol\u00edcia Civil, por interm\u00e9dio das Unidades Especializadas (Delegacia de Investiga\u00e7\u00f5es Gerais &#8211; DIG e Delegacia de Investiga\u00e7\u00f5es Sobre Entorpecentes &#8211; DISE) de Dracena, localizou e recuperou nesta segunda-feira (19), uma motocicleta furtada por volta das 23 horas, da noite de domingo (18), e que estava estacionada na rua Quinze de Novembro, centro, de Dracena.<\/p>\n<p style=\"text-align: justify;\">Agentes das Unidades Especializadas durante a realiza\u00e7\u00e3o de trabalho investigativo receberam informa\u00e7\u00f5es de que a motocicleta furtada na noite anterior estava dentro de uma vala, na proximidade da antiga linha f\u00e9rrea, no bairro Jardim Brasil\u00e2ndia. Diante do narrado, de imediato, os policiais civis realizaram dilig\u00eancias na localidade indicada e encontraram a motocicleta, e ao pesquisar o emplacamento, foi constatado que era o ve\u00edculo subtra\u00eddo na noite do \u00faltimo domingo (18).<\/p>\n<p style=\"text-align: justify;\">Foi acionada uma Equipe da Pol\u00edcia Cient\u00edfica, e ap\u00f3s ser periciada, a motocicleta foi entregue ao leg\u00edtimo propriet\u00e1rio. Segue as investiga\u00e7\u00f5es visando identificar o poss\u00edvel autor do furto.<\/p>\n<p style=\"text-align: justify;\">Den\u00fancia<br \/>\nA popula\u00e7\u00e3o pode contribuir com informa\u00e7\u00f5es sobre a ocorr\u00eancia de furto de ve\u00edculo e outros tipos de crimes. As den\u00fancias podem ser feitas para o n\u00famero 181, o Disque Den\u00fancia, ou para o (18) 3821-3753 &#8211; Unidades Especializadas. O sigilo e o anonimato s\u00e3o garantidos.<\/p>\n<p><img loading=\"lazy\" decoding=\"async\" class=\"alignnone size-full wp-image-69150\" src=\"https:\/\/jorgezanoni.com.br\/2019\/wp-content\/uploads\/2022\/09\/moto1-1.jpg\" alt=\"\" width=\"700\" height=\"525\" srcset=\"https:\/\/jorgezanoni.com.br\/2019\/wp-content\/uploads\/2022\/09\/moto1-1.jpg 700w, https:\/\/jorgezanoni.com.br\/2019\/wp-content\/uploads\/2022\/09\/moto1-1-300x225.jpg 300w, https:\/\/jorgezanoni.com.br\/2019\/wp-content\/uploads\/2022\/09\/moto1-1-80x60.jpg 80w, https:\/\/jorgezanoni.com.br\/2019\/wp-content\/uploads\/2022\/09\/moto1-1-265x198.jpg 265w, https:\/\/jorgezanoni.com.br\/2019\/wp-content\/uploads\/2022\/09\/moto1-1-696x522.jpg 696w, https:\/\/jorgezanoni.com.br\/2019\/wp-content\/uploads\/2022\/09\/moto1-1-560x420.jpg 560w\" sizes=\"auto, (max-width: 700px) 100vw, 700px\" \/><\/p>\n<p style=\"text-align: justify;\">Fonte: Com. Social Pol\u00edcia Civil<\/p>\n","protected":false},"excerpt":{"rendered":"<p>A Pol\u00edcia Civil, por interm\u00e9dio das Unidades Especializadas (Delegacia de Investiga\u00e7\u00f5es Gerais &#8211; DIG e Delegacia de Investiga\u00e7\u00f5es Sobre Entorpecentes &#8211; DISE) de Dracena, localizou e recuperou nesta segunda-feira (19), uma motocicleta furtada por volta das 23 horas, da noite de domingo (18), e que estava estacionada na rua Quinze de Novembro, centro, de Dracena. [&hellip;]<\/p>\n","protected":false},"author":1,"featured_media":69149,"comment_status":"closed","ping_status":"open","sticky":false,"template":"","format":"standard","meta":{"footnotes":""},"categories":[110,2],"tags":[],"class_list":["post-69148","post","type-post","status-publish","format-standard","has-post-thumbnail","hentry","category-noticiasdestaque","category-policial"],"_links":{"self":[{"href":"https:\/\/jorgezanoni.com.br\/2019\/wp-json\/wp\/v2\/posts\/69148","targetHints":{"allow":["GET"]}}],"collection":[{"href":"https:\/\/jorgezanoni.com.br\/2019\/wp-json\/wp\/v2\/posts"}],"about":[{"href":"https:\/\/jorgezanoni.com.br\/2019\/wp-json\/wp\/v2\/types\/post"}],"author":[{"embeddable":true,"href":"https:\/\/jorgezanoni.com.br\/2019\/wp-json\/wp\/v2\/users\/1"}],"replies":[{"embeddable":true,"href":"https:\/\/jorgezanoni.com.br\/2019\/wp-json\/wp\/v2\/comments?post=69148"}],"version-history":[{"count":1,"href":"https:\/\/jorgezanoni.com.br\/2019\/wp-json\/wp\/v2\/posts\/69148\/revisions"}],"predecessor-version":[{"id":69151,"href":"https:\/\/jorgezanoni.com.br\/2019\/wp-json\/wp\/v2\/posts\/69148\/revisions\/69151"}],"wp:featuredmedia":[{"embeddable":true,"href":"https:\/\/jorgezanoni.com.br\/2019\/wp-json\/wp\/v2\/media\/69149"}],"wp:attachment":[{"href":"https:\/\/jorgezanoni.com.br\/2019\/wp-json\/wp\/v2\/media?parent=69148"}],"wp:term":[{"taxonomy":"category","embeddable":true,"href":"https:\/\/jorgezanoni.com.br\/2019\/wp-json\/wp\/v2\/categories?post=69148"},{"taxonomy":"post_tag","embeddable":true,"href":"https:\/\/jorgezanoni.com.br\/2019\/wp-json\/wp\/v2\/tags?post=69148"}],"curies":[{"name":"wp","href":"https:\/\/api.w.org\/{rel}","templated":true}]}}