{"id":69129,"date":"2022-09-18T22:10:32","date_gmt":"2022-09-18T22:10:32","guid":{"rendered":"https:\/\/jorgezanoni.com.br\/2019\/?p=69129"},"modified":"2022-09-18T22:21:53","modified_gmt":"2022-09-18T22:21:53","slug":"policia-prende-homem-em-flagrante-de-violencia-domestica-em-junqueiropolis","status":"publish","type":"post","link":"https:\/\/jorgezanoni.com.br\/2019\/policia-prende-homem-em-flagrante-de-violencia-domestica-em-junqueiropolis\/","title":{"rendered":"Pol\u00edcia prende homem em flagrante de Viol\u00eancia Dom\u00e9stica em Junqueir\u00f3polis"},"content":{"rendered":"<p style=\"text-align: justify;\">NA DATA DE ONTEM (17) POR VOLTA DAS 21H10MIN A EQUIPE DA POL\u00cdCIA MILITAR FOI ACIONADA VIA COPOM PARA ATENDIMENTO DE VIOL\u00caNCIA DOM\u00c9STICA. PELO LOCAL EM CONTATO COM A V\u00cdTIMA DE 26 ANOS, ESTA DECLAROU QUE NA DATA DE HOJE POR MOTIVOS DE CI\u00daMES SEU CONVIVENTE A AGREDIU COM TAPAS NO ROSTO, APERTOU SEU PESCO\u00c7O, FALOU QUE IA LHE MATAR E TOMOU RUMO IGNORADO. DURANTE DILIG\u00caNCIAS O INDICIADO DE 21 ANOS FOI LOCALIZADO PELA RUA PORTO ALEGRE, ABORDADO E SUBMETIDO A BUSCA PESSOAL SENDO LOCALIZADO UM INV\u00d3LUCRO DE COCA\u00cdNA (0,003 kg.). INDAGADO SOBRE O FATO DECLAROU QUE POR MOTIVOS DE CI\u00daMES DISCUTIU COM SUA CONVIVENTE E NEGA TER AGREDIDO E A AMEA\u00c7ADO. INDICOU ONDE HAVIA DISPENSADO UMA FACA SENDO LOCALIZADA. LOGO FOI DADA VOZ DE PRIS\u00c3O EM FLAGRANTE DELITO FICANDO O INDICIADO A DISPOSI\u00c7\u00c3O DA JUSTI\u00c7A.<\/p>\n<p>Fonte: Com. Social Pol\u00edcia Militar<\/p>\n","protected":false},"excerpt":{"rendered":"<p>NA DATA DE ONTEM (17) POR VOLTA DAS 21H10MIN A EQUIPE DA POL\u00cdCIA MILITAR FOI ACIONADA VIA COPOM PARA ATENDIMENTO DE VIOL\u00caNCIA DOM\u00c9STICA. PELO LOCAL EM CONTATO COM A V\u00cdTIMA DE 26 ANOS, ESTA DECLAROU QUE NA DATA DE HOJE POR MOTIVOS DE CI\u00daMES SEU CONVIVENTE A AGREDIU COM TAPAS NO ROSTO, APERTOU SEU PESCO\u00c7O, [&hellip;]<\/p>\n","protected":false},"author":1,"featured_media":69132,"comment_status":"closed","ping_status":"open","sticky":false,"template":"","format":"standard","meta":{"footnotes":""},"categories":[110,2],"tags":[],"class_list":["post-69129","post","type-post","status-publish","format-standard","has-post-thumbnail","hentry","category-noticiasdestaque","category-policial"],"_links":{"self":[{"href":"https:\/\/jorgezanoni.com.br\/2019\/wp-json\/wp\/v2\/posts\/69129","targetHints":{"allow":["GET"]}}],"collection":[{"href":"https:\/\/jorgezanoni.com.br\/2019\/wp-json\/wp\/v2\/posts"}],"about":[{"href":"https:\/\/jorgezanoni.com.br\/2019\/wp-json\/wp\/v2\/types\/post"}],"author":[{"embeddable":true,"href":"https:\/\/jorgezanoni.com.br\/2019\/wp-json\/wp\/v2\/users\/1"}],"replies":[{"embeddable":true,"href":"https:\/\/jorgezanoni.com.br\/2019\/wp-json\/wp\/v2\/comments?post=69129"}],"version-history":[{"count":1,"href":"https:\/\/jorgezanoni.com.br\/2019\/wp-json\/wp\/v2\/posts\/69129\/revisions"}],"predecessor-version":[{"id":69131,"href":"https:\/\/jorgezanoni.com.br\/2019\/wp-json\/wp\/v2\/posts\/69129\/revisions\/69131"}],"wp:featuredmedia":[{"embeddable":true,"href":"https:\/\/jorgezanoni.com.br\/2019\/wp-json\/wp\/v2\/media\/69132"}],"wp:attachment":[{"href":"https:\/\/jorgezanoni.com.br\/2019\/wp-json\/wp\/v2\/media?parent=69129"}],"wp:term":[{"taxonomy":"category","embeddable":true,"href":"https:\/\/jorgezanoni.com.br\/2019\/wp-json\/wp\/v2\/categories?post=69129"},{"taxonomy":"post_tag","embeddable":true,"href":"https:\/\/jorgezanoni.com.br\/2019\/wp-json\/wp\/v2\/tags?post=69129"}],"curies":[{"name":"wp","href":"https:\/\/api.w.org\/{rel}","templated":true}]}}