{"id":6898,"date":"2019-09-22T16:31:22","date_gmt":"2019-09-22T16:31:22","guid":{"rendered":"https:\/\/jorgezanoni.com.br\/2019\/?p=6898"},"modified":"2019-09-22T16:31:22","modified_gmt":"2019-09-22T16:31:22","slug":"padre-e-morto-em-obra-de-igreja-durante-assalto-em-brasilia","status":"publish","type":"post","link":"https:\/\/jorgezanoni.com.br\/2019\/padre-e-morto-em-obra-de-igreja-durante-assalto-em-brasilia\/","title":{"rendered":"Padre \u00e9 morto em obra de igreja durante assalto em Bras\u00edlia"},"content":{"rendered":"<h2 class=\"content-head__subtitle\" style=\"text-align: justify;\"><strong>Corpo do sacerdote foi encontrado com p\u00e9s e m\u00e3os amarrados, e com arame enrolado ao pesco\u00e7o. Caso \u00e9 tratado como latroc\u00ednio, roubo seguido de morte.<\/strong><\/h2>\n<div class=\"mc-column content-text active-extra-styles \" data-block-type=\"unstyled\" data-block-weight=\"38\" data-block-id=\"2\">\n<p class=\"content-text__container \" style=\"text-align: justify;\" data-track-category=\"Link no Texto\" data-track-links=\"\">Um padre foi morto na noite deste s\u00e1bado (21), durante um assalto em uma casa paroquial, na Asa Norte, em Bras\u00edlia. O crime ocorreu em uma obra da igreja Nossa Senhora da Sa\u00fade, na quadra 702.<\/p>\n<\/div>\n<div class=\"wall protected-content\">\n<div class=\"mc-column content-text active-extra-styles \" style=\"text-align: justify;\" data-block-type=\"unstyled\" data-block-weight=\"49\" data-block-id=\"3\">\n<p class=\"content-text__container \" data-track-category=\"Link no Texto\" data-track-links=\"\">O corpo do sacerdote foi encontrado pr\u00f3ximo \u00e0 obra, com os p\u00e9s e as m\u00e3os amarrados, e com um arame enrolado ao pesco\u00e7o. O caseiro, que cuidava da constru\u00e7\u00e3o de um audit\u00f3rio, tamb\u00e9m foi feito ref\u00e9m pelos bandidos. Segundo a Pol\u00edcia Militar, o caseiro conseguiu gritar e pedir socorro.<\/p>\n<\/div>\n<div class=\"mc-column content-text active-extra-styles \" style=\"text-align: justify;\" data-block-type=\"unstyled\" data-block-weight=\"43\" data-block-id=\"4\">\n<p class=\"content-text__container \" data-track-category=\"Link no Texto\" data-track-links=\"\">De acordo com a Pol\u00edcia Civil o caso est\u00e1 sendo investigado como latroc\u00ednio \u2013 roubo seguido de morte . O crime ocorreu no momento que o padre Kazimerz Wojn, de 71 anos, foi fiscalizar uma obra que acontece no terreno da igreja.<\/p>\n<\/div>\n<div class=\"mc-column content-text active-extra-styles \" data-block-type=\"unstyled\" data-block-weight=\"31\" data-block-id=\"5\">\n<p class=\"content-text__container \" style=\"text-align: justify;\" data-track-category=\"Link no Texto\" data-track-links=\"\">A Arquidiocese de Bras\u00edlia informou que est\u00e1 acompanhando o caso. O padre Kazimerez Wojn era polon\u00eas. Os fi\u00e9is o chamavam de &#8220;Padre Casemiro&#8221;. Ele tinha 46 anos, de sacerd\u00f3cio.<\/p>\n<p style=\"text-align: justify;\" data-track-category=\"Link no Texto\" data-track-links=\"\"><img loading=\"lazy\" decoding=\"async\" class=\"alignnone size-full wp-image-6900\" src=\"https:\/\/jorgezanoni.com.br\/2019\/wp-content\/uploads\/2019\/09\/padre1.jpg\" alt=\"\" width=\"1000\" height=\"750\" srcset=\"https:\/\/jorgezanoni.com.br\/2019\/wp-content\/uploads\/2019\/09\/padre1.jpg 1000w, https:\/\/jorgezanoni.com.br\/2019\/wp-content\/uploads\/2019\/09\/padre1-300x225.jpg 300w, https:\/\/jorgezanoni.com.br\/2019\/wp-content\/uploads\/2019\/09\/padre1-768x576.jpg 768w, https:\/\/jorgezanoni.com.br\/2019\/wp-content\/uploads\/2019\/09\/padre1-80x60.jpg 80w, https:\/\/jorgezanoni.com.br\/2019\/wp-content\/uploads\/2019\/09\/padre1-265x198.jpg 265w, https:\/\/jorgezanoni.com.br\/2019\/wp-content\/uploads\/2019\/09\/padre1-696x522.jpg 696w, https:\/\/jorgezanoni.com.br\/2019\/wp-content\/uploads\/2019\/09\/padre1-560x420.jpg 560w\" sizes=\"auto, (max-width: 1000px) 100vw, 1000px\" \/><\/p>\n<div class=\"row medium-uncollapsed content-media content-photo\" data-block-type=\"backstage-photo\" data-block-id=\"6\">\n<div class=\"mc-column content-media__container\">\n<p class=\"content-media__description \" style=\"text-align: justify;\">Padre \u00e9 morto durante assalto em Bras\u00edlia \u2014 Foto: Afonso Ferreira\/G1<\/p>\n<\/div>\n<\/div>\n<div class=\"mc-column content-text active-extra-styles \" style=\"text-align: justify;\" data-block-type=\"unstyled\" data-block-weight=\"24\" data-block-id=\"8\">\n<p class=\"content-text__container \" data-track-category=\"Link no Texto\" data-track-links=\"\">Ao\u00a0<strong>G1<\/strong>, investigadores informaram que o padre Kazimerz foi asfixiado pelos assaltantes, que reviraram a casa paroquial e levaram diversos objetos do local.<\/p>\n<\/div>\n<div class=\"mc-column content-text active-extra-styles \" style=\"text-align: justify;\" data-block-type=\"unstyled\" data-block-weight=\"13\" data-block-id=\"9\">\n<p class=\"content-text__container \" data-track-category=\"Link no Texto\" data-track-links=\"\">Os suspeitos fugiram e n\u00e3o foram identificados at\u00e9 a publica\u00e7\u00e3o desta reportagem.<\/p>\n<\/div>\n<div class=\"mc-column content-text active-extra-styles \" style=\"text-align: justify;\" data-block-type=\"unstyled\" data-block-weight=\"22\" data-block-id=\"10\">\n<p class=\"content-text__container \" data-track-category=\"Link no Texto\" data-track-links=\"\">Na manh\u00e3 deste domingo (22), policiais da 2\u00aa Delegacia de Pol\u00edcia (Asa Norte), ainda estavam no local para a realiza\u00e7\u00e3o de per\u00edcia.<\/p>\n<\/div>\n<div class=\"mc-column content-text active-extra-styles \" data-block-type=\"unstyled\" data-block-weight=\"46\" data-block-id=\"11\">\n<p class=\"content-text__container \" style=\"text-align: justify;\" data-track-category=\"Link no Texto\" data-track-links=\"\">A reportagem esteve no local e conversou com fi\u00e9is que estavam assustados com o crime. O aposentado Luciano Amaral, de 75 anos trabalha h\u00e1 mais de 10 anos na Par\u00f3quia Nossa Senhora da Sa\u00fade e disse o padre celebraria a missa marcada para \u00e0s 8h30.<\/p>\n<p class=\"content-text__container \" style=\"text-align: justify;\" data-track-category=\"Link no Texto\" data-track-links=\"\"><span style=\"font-style: italic; text-align: center;\">&#8221; Estamos chegando para a missa agora. N\u00f3s ficamos sabendo agora. N\u00e3o sabemos como vai ser. T\u00e1 todo mundo chocado.&#8221;\u00a0 \u00a0<\/span><\/p>\n<p class=\"content-text__container \" style=\"text-align: justify;\" data-track-category=\"Link no Texto\" data-track-links=\"\"><span style=\"font-style: italic; text-align: center;\"><img loading=\"lazy\" decoding=\"async\" class=\"alignnone size-full wp-image-6899\" src=\"https:\/\/jorgezanoni.com.br\/2019\/wp-content\/uploads\/2019\/09\/padre2.jpeg\" alt=\"\" width=\"1000\" height=\"750\" srcset=\"https:\/\/jorgezanoni.com.br\/2019\/wp-content\/uploads\/2019\/09\/padre2.jpeg 1000w, https:\/\/jorgezanoni.com.br\/2019\/wp-content\/uploads\/2019\/09\/padre2-300x225.jpeg 300w, https:\/\/jorgezanoni.com.br\/2019\/wp-content\/uploads\/2019\/09\/padre2-768x576.jpeg 768w, https:\/\/jorgezanoni.com.br\/2019\/wp-content\/uploads\/2019\/09\/padre2-80x60.jpeg 80w, https:\/\/jorgezanoni.com.br\/2019\/wp-content\/uploads\/2019\/09\/padre2-265x198.jpeg 265w, https:\/\/jorgezanoni.com.br\/2019\/wp-content\/uploads\/2019\/09\/padre2-696x522.jpeg 696w, https:\/\/jorgezanoni.com.br\/2019\/wp-content\/uploads\/2019\/09\/padre2-560x420.jpeg 560w\" sizes=\"auto, (max-width: 1000px) 100vw, 1000px\" \/><\/span><\/p>\n<div class=\"row medium-uncollapsed content-media content-photo\" data-block-type=\"backstage-photo\" data-block-id=\"13\">\n<div class=\"mc-column content-media__container\">\n<p class=\"content-media__description \" style=\"text-align: justify;\">Sacr\u00e1rio de igreja de Bras\u00edlia \u00e9 roubado no domingo de P\u00e1scoa \u2014 Foto: Wellington Hanna\/TV Globo<\/p>\n<\/div>\n<\/div>\n<div class=\"mc-column content-text active-extra-styles\" style=\"text-align: justify;\" data-block-type=\"raw\" data-block-weight=\"4\" data-block-id=\"14\">\n<div class=\"content-intertitle\">\n<h2>Outro crime na Igreja<\/h2>\n<\/div>\n<\/div>\n<div class=\"mc-column content-text active-extra-styles \" style=\"text-align: justify;\" data-block-type=\"unstyled\" data-block-weight=\"48\" data-block-id=\"15\">\n<p class=\"content-text__container \" data-track-category=\"Link no Texto\" data-track-links=\"\"><a href=\"https:\/\/g1.globo.com\/df\/distrito-federal\/noticia\/2019\/04\/22\/sacrario-de-igreja-de-brasilia-e-roubado-apos-missa-de-domingo-de-pascoa.ghtml\">Em abril deste ano, a igreja Nossa Senhora da Sa\u00fade \u2013 que o padre era respons\u00e1vel foi invadida<\/a>. Assaltantes levaram o sacr\u00e1rio \u2013 objeto de ouro que guardava cerca de cem h\u00f3stias; elas representam o corpo de Jesus Cristo aos cat\u00f3licos. O crime ocorreu ap\u00f3s missa de P\u00e1scoa.<\/p>\n<\/div>\n<div class=\"mc-column content-text active-extra-styles \" data-block-type=\"unstyled\" data-block-weight=\"42\" data-block-id=\"16\">\n<p class=\"content-text__container \" style=\"text-align: justify;\" data-track-category=\"Link no Texto\" data-track-links=\"\">No mesmo m\u00eas, o\u00a0<a href=\"https:\/\/g1.globo.com\/df\/distrito-federal\/noticia\/2019\/04\/25\/sacrario-roubado-de-igreja-de-brasilia-e-devolvido-por-dona-de-ferro-velho.ghtml\">sacr\u00e1rio foi devolvido para a igreja pela dona de um ferro velho de Samambaia que comprou a pe\u00e7a por R$ 160 de dois homens<\/a>. Ao ver do que se tratava, segundo o padre, ela decidiu devolver \u00e0 igreja.<\/p>\n<p style=\"text-align: justify;\" data-track-category=\"Link no Texto\" data-track-links=\"\">Fonte: G1<\/p>\n<\/div>\n<p class=\"content-text__container \" data-track-category=\"Link no Texto\" data-track-links=\"\"><span style=\"font-style: italic; text-align: center;\">\u00a0 \u00a0 \u00a0 \u00a0 \u00a0 \u00a0 \u00a0 \u00a0 \u00a0 \u00a0 \u00a0 \u00a0 \u00a0 \u00a0 \u00a0 \u00a0 \u00a0 \u00a0 \u00a0 \u00a0 \u00a0 \u00a0 \u00a0 \u00a0 \u00a0 \u00a0 \u00a0 \u00a0 \u00a0 \u00a0 \u00a0 \u00a0 \u00a0\u00a0<\/span><\/p>\n<\/div>\n<\/div>\n<\/div>\n","protected":false},"excerpt":{"rendered":"<p>Corpo do sacerdote foi encontrado com p\u00e9s e m\u00e3os amarrados, e com arame enrolado ao pesco\u00e7o. Caso \u00e9 tratado como latroc\u00ednio, roubo seguido de morte. Um padre foi morto na noite deste s\u00e1bado (21), durante um assalto em uma casa paroquial, na Asa Norte, em Bras\u00edlia. O crime ocorreu em uma obra da igreja Nossa [&hellip;]<\/p>\n","protected":false},"author":1,"featured_media":6901,"comment_status":"closed","ping_status":"open","sticky":false,"template":"","format":"standard","meta":{"footnotes":""},"categories":[110,2],"tags":[],"class_list":["post-6898","post","type-post","status-publish","format-standard","has-post-thumbnail","hentry","category-noticiasdestaque","category-policial"],"_links":{"self":[{"href":"https:\/\/jorgezanoni.com.br\/2019\/wp-json\/wp\/v2\/posts\/6898","targetHints":{"allow":["GET"]}}],"collection":[{"href":"https:\/\/jorgezanoni.com.br\/2019\/wp-json\/wp\/v2\/posts"}],"about":[{"href":"https:\/\/jorgezanoni.com.br\/2019\/wp-json\/wp\/v2\/types\/post"}],"author":[{"embeddable":true,"href":"https:\/\/jorgezanoni.com.br\/2019\/wp-json\/wp\/v2\/users\/1"}],"replies":[{"embeddable":true,"href":"https:\/\/jorgezanoni.com.br\/2019\/wp-json\/wp\/v2\/comments?post=6898"}],"version-history":[{"count":0,"href":"https:\/\/jorgezanoni.com.br\/2019\/wp-json\/wp\/v2\/posts\/6898\/revisions"}],"wp:featuredmedia":[{"embeddable":true,"href":"https:\/\/jorgezanoni.com.br\/2019\/wp-json\/wp\/v2\/media\/6901"}],"wp:attachment":[{"href":"https:\/\/jorgezanoni.com.br\/2019\/wp-json\/wp\/v2\/media?parent=6898"}],"wp:term":[{"taxonomy":"category","embeddable":true,"href":"https:\/\/jorgezanoni.com.br\/2019\/wp-json\/wp\/v2\/categories?post=6898"},{"taxonomy":"post_tag","embeddable":true,"href":"https:\/\/jorgezanoni.com.br\/2019\/wp-json\/wp\/v2\/tags?post=6898"}],"curies":[{"name":"wp","href":"https:\/\/api.w.org\/{rel}","templated":true}]}}