{"id":68951,"date":"2022-09-17T18:03:27","date_gmt":"2022-09-17T18:03:27","guid":{"rendered":"https:\/\/jorgezanoni.com.br\/2019\/?p=68951"},"modified":"2022-09-17T18:03:54","modified_gmt":"2022-09-17T18:03:54","slug":"casal-de-idosos-morre-em-acidente-entre-carro-e-caminhao-em-mirante-do-paranapanema","status":"publish","type":"post","link":"https:\/\/jorgezanoni.com.br\/2019\/casal-de-idosos-morre-em-acidente-entre-carro-e-caminhao-em-mirante-do-paranapanema\/","title":{"rendered":"Casal de idosos morre em acidente entre carro e caminh\u00e3o em Mirante do Paranapanema"},"content":{"rendered":"<h2 class=\"content-head__subtitle\" style=\"text-align: justify;\">Ocorr\u00eancia foi registrada na noite desta sexta-feira (16). V\u00edtimas foram conduzidas ao Pronto-Socorro de Teodoro Sampaio (SP), por\u00e9m, n\u00e3o resistiram aos ferimentos e morreram.<\/h2>\n<p style=\"text-align: justify;\"><span style=\"text-align: justify;\">Um homem, de 66 anos, e uma mulher, de 71 anos, morreram, na noite desta sexta-feira (16), ap\u00f3s colidir o carro que trafegavam na lateral de um caminh\u00e3o canavieiro no km 12,500 da SPA 001\/563, que d\u00e1 acesso \u00e0 Rodovia General Euclides de Oliveira Figueiredo (SP-563), em <\/span><a style=\"text-align: justify;\" href=\"https:\/\/g1.globo.com\/sp\/presidente-prudente-regiao\/cidade\/mirante-do-paranapanema\/\">Mirante do Paranapanema (SP)<\/a><span style=\"text-align: justify;\">.<\/span><\/p>\n<div class=\"wall protected-content\">\n<div class=\"mc-column content-text active-extra-styles \" data-block-type=\"unstyled\" data-block-weight=\"53\" data-block-id=\"4\">\n<p class=\"content-text__container \" style=\"text-align: justify;\" data-track-category=\"Link no Texto\" data-track-links=\"\">Conforme informa\u00e7\u00f5es da Pol\u00edcia Rodovi\u00e1ria, a equipe foi acionada para realizar o atendimento de um acidente e, no local, constatou que um carro com placas de\u00a0<a href=\"https:\/\/g1.globo.com\/sp\/presidente-prudente-regiao\/cidade\/rosana\/\">Rosana (SP)<\/a>\u00a0colidiu na lateral esquerda de um caminh\u00e3o canavieiro, com placas de\u00a0<a href=\"https:\/\/g1.globo.com\/sp\/sao-paulo\/cidade\/sao-paulo\/\">S\u00e3o Paulo (SP)<\/a>, que saia de \u00e1rea rural e fazia uma convers\u00e3o na pista.<\/p>\n<p style=\"text-align: justify;\" data-track-category=\"Link no Texto\" data-track-links=\"\">Fonte: G1<\/p>\n<\/div>\n<\/div>\n","protected":false},"excerpt":{"rendered":"<p>Ocorr\u00eancia foi registrada na noite desta sexta-feira (16). V\u00edtimas foram conduzidas ao Pronto-Socorro de Teodoro Sampaio (SP), por\u00e9m, n\u00e3o resistiram aos ferimentos e morreram. Um homem, de 66 anos, e uma mulher, de 71 anos, morreram, na noite desta sexta-feira (16), ap\u00f3s colidir o carro que trafegavam na lateral de um caminh\u00e3o canavieiro no km [&hellip;]<\/p>\n","protected":false},"author":1,"featured_media":68952,"comment_status":"closed","ping_status":"open","sticky":false,"template":"","format":"standard","meta":{"footnotes":""},"categories":[170,110],"tags":[],"class_list":["post-68951","post","type-post","status-publish","format-standard","has-post-thumbnail","hentry","category-acidentes","category-noticiasdestaque"],"_links":{"self":[{"href":"https:\/\/jorgezanoni.com.br\/2019\/wp-json\/wp\/v2\/posts\/68951","targetHints":{"allow":["GET"]}}],"collection":[{"href":"https:\/\/jorgezanoni.com.br\/2019\/wp-json\/wp\/v2\/posts"}],"about":[{"href":"https:\/\/jorgezanoni.com.br\/2019\/wp-json\/wp\/v2\/types\/post"}],"author":[{"embeddable":true,"href":"https:\/\/jorgezanoni.com.br\/2019\/wp-json\/wp\/v2\/users\/1"}],"replies":[{"embeddable":true,"href":"https:\/\/jorgezanoni.com.br\/2019\/wp-json\/wp\/v2\/comments?post=68951"}],"version-history":[{"count":1,"href":"https:\/\/jorgezanoni.com.br\/2019\/wp-json\/wp\/v2\/posts\/68951\/revisions"}],"predecessor-version":[{"id":68953,"href":"https:\/\/jorgezanoni.com.br\/2019\/wp-json\/wp\/v2\/posts\/68951\/revisions\/68953"}],"wp:featuredmedia":[{"embeddable":true,"href":"https:\/\/jorgezanoni.com.br\/2019\/wp-json\/wp\/v2\/media\/68952"}],"wp:attachment":[{"href":"https:\/\/jorgezanoni.com.br\/2019\/wp-json\/wp\/v2\/media?parent=68951"}],"wp:term":[{"taxonomy":"category","embeddable":true,"href":"https:\/\/jorgezanoni.com.br\/2019\/wp-json\/wp\/v2\/categories?post=68951"},{"taxonomy":"post_tag","embeddable":true,"href":"https:\/\/jorgezanoni.com.br\/2019\/wp-json\/wp\/v2\/tags?post=68951"}],"curies":[{"name":"wp","href":"https:\/\/api.w.org\/{rel}","templated":true}]}}