{"id":68947,"date":"2022-09-17T17:53:43","date_gmt":"2022-09-17T17:53:43","guid":{"rendered":"https:\/\/jorgezanoni.com.br\/2019\/?p=68947"},"modified":"2022-09-17T17:53:43","modified_gmt":"2022-09-17T17:53:43","slug":"homem-morre-e-outras-duas-pessoas-ficam-feridas-na-sp-563-em-dracena","status":"publish","type":"post","link":"https:\/\/jorgezanoni.com.br\/2019\/homem-morre-e-outras-duas-pessoas-ficam-feridas-na-sp-563-em-dracena\/","title":{"rendered":"Homem morre e outras duas pessoas ficam feridas na SP-563 em Dracena"},"content":{"rendered":"<p style=\"text-align: justify;\"><strong>A Pol\u00edcia Militar Rodovi\u00e1ria realizou atendimento de sinistro de tr\u00e2nsito com 01 (uma) Vitima Fatal e 02 (duas) vitimas leves.<\/strong><\/p>\n<p style=\"text-align: justify;\">Acidente aconteceu noite desta sexta-feita (16) \u00e0s 23:10 Horas na Rodovia General Euclides de Oliveira Figueiredo, Km. 129,<\/p>\n<p style=\"text-align: justify;\">A equipe de patrulha rodovi\u00e1ria foi acionada para atendimento de Sinistro de Tr\u00e2nsito do tipo colis\u00e3o traseira com sequencia de colis\u00e3o traseira, envolvendo um autom\u00f3vel Honda\/Civic, de Dourados\/MS, um Caminh\u00e3o de Ouro Verde\/SP e outro autom\u00f3vel Fiat Mobi de Belo Horizonte\/MG que por raz\u00f5es a serem apuradas, colidiu na traseira do Caminh\u00e3o, rodando na pista e sendo colidido na traseira pelo Fiat Mobi.<\/p>\n<p style=\"text-align: justify;\">As v\u00edtimas, o condutor do Civic de 42 anos, morador de Dourados\/MS, o condutor do Mob de 34 anos de Andradina\/SP e o passageiro do Mob de 31 anos, morador de Castilho\/SP, foram socorridos, sendo que o Condutor do Civic entrou em \u00f3bito pelo pronto socorro de Dracena\/SP e os ocupantes do Fiat Mob vitimas Leves.<\/p>\n<p style=\"text-align: justify;\">Condutor do caminh\u00e3o ileso e o condutor do Fiat Mob, realizaram o teste do etilometro, n\u00e3o sendo constatado nenhuma concentra\u00e7\u00e3o de \u00e1lcool.<\/p>\n<p><img loading=\"lazy\" decoding=\"async\" class=\"alignnone size-full wp-image-68949\" src=\"https:\/\/jorgezanoni.com.br\/2019\/wp-content\/uploads\/2022\/09\/acid1.jpg\" alt=\"\" width=\"1280\" height=\"960\" srcset=\"https:\/\/jorgezanoni.com.br\/2019\/wp-content\/uploads\/2022\/09\/acid1.jpg 1280w, https:\/\/jorgezanoni.com.br\/2019\/wp-content\/uploads\/2022\/09\/acid1-300x225.jpg 300w, https:\/\/jorgezanoni.com.br\/2019\/wp-content\/uploads\/2022\/09\/acid1-1024x768.jpg 1024w, https:\/\/jorgezanoni.com.br\/2019\/wp-content\/uploads\/2022\/09\/acid1-768x576.jpg 768w, https:\/\/jorgezanoni.com.br\/2019\/wp-content\/uploads\/2022\/09\/acid1-80x60.jpg 80w, https:\/\/jorgezanoni.com.br\/2019\/wp-content\/uploads\/2022\/09\/acid1-265x198.jpg 265w, https:\/\/jorgezanoni.com.br\/2019\/wp-content\/uploads\/2022\/09\/acid1-696x522.jpg 696w, https:\/\/jorgezanoni.com.br\/2019\/wp-content\/uploads\/2022\/09\/acid1-1068x801.jpg 1068w, https:\/\/jorgezanoni.com.br\/2019\/wp-content\/uploads\/2022\/09\/acid1-560x420.jpg 560w\" sizes=\"auto, (max-width: 1280px) 100vw, 1280px\" \/><\/p>\n<p>Fonte: \u00a02\u00aa Cia do 2\u00b0 BPRv.<\/p>\n","protected":false},"excerpt":{"rendered":"<p>A Pol\u00edcia Militar Rodovi\u00e1ria realizou atendimento de sinistro de tr\u00e2nsito com 01 (uma) Vitima Fatal e 02 (duas) vitimas leves. Acidente aconteceu noite desta sexta-feita (16) \u00e0s 23:10 Horas na Rodovia General Euclides de Oliveira Figueiredo, Km. 129, A equipe de patrulha rodovi\u00e1ria foi acionada para atendimento de Sinistro de Tr\u00e2nsito do tipo colis\u00e3o traseira [&hellip;]<\/p>\n","protected":false},"author":1,"featured_media":68948,"comment_status":"closed","ping_status":"open","sticky":false,"template":"","format":"standard","meta":{"footnotes":""},"categories":[170,110],"tags":[],"class_list":["post-68947","post","type-post","status-publish","format-standard","has-post-thumbnail","hentry","category-acidentes","category-noticiasdestaque"],"_links":{"self":[{"href":"https:\/\/jorgezanoni.com.br\/2019\/wp-json\/wp\/v2\/posts\/68947","targetHints":{"allow":["GET"]}}],"collection":[{"href":"https:\/\/jorgezanoni.com.br\/2019\/wp-json\/wp\/v2\/posts"}],"about":[{"href":"https:\/\/jorgezanoni.com.br\/2019\/wp-json\/wp\/v2\/types\/post"}],"author":[{"embeddable":true,"href":"https:\/\/jorgezanoni.com.br\/2019\/wp-json\/wp\/v2\/users\/1"}],"replies":[{"embeddable":true,"href":"https:\/\/jorgezanoni.com.br\/2019\/wp-json\/wp\/v2\/comments?post=68947"}],"version-history":[{"count":1,"href":"https:\/\/jorgezanoni.com.br\/2019\/wp-json\/wp\/v2\/posts\/68947\/revisions"}],"predecessor-version":[{"id":68950,"href":"https:\/\/jorgezanoni.com.br\/2019\/wp-json\/wp\/v2\/posts\/68947\/revisions\/68950"}],"wp:featuredmedia":[{"embeddable":true,"href":"https:\/\/jorgezanoni.com.br\/2019\/wp-json\/wp\/v2\/media\/68948"}],"wp:attachment":[{"href":"https:\/\/jorgezanoni.com.br\/2019\/wp-json\/wp\/v2\/media?parent=68947"}],"wp:term":[{"taxonomy":"category","embeddable":true,"href":"https:\/\/jorgezanoni.com.br\/2019\/wp-json\/wp\/v2\/categories?post=68947"},{"taxonomy":"post_tag","embeddable":true,"href":"https:\/\/jorgezanoni.com.br\/2019\/wp-json\/wp\/v2\/tags?post=68947"}],"curies":[{"name":"wp","href":"https:\/\/api.w.org\/{rel}","templated":true}]}}