{"id":68917,"date":"2022-09-16T16:08:33","date_gmt":"2022-09-16T16:08:33","guid":{"rendered":"https:\/\/jorgezanoni.com.br\/2019\/?p=68917"},"modified":"2022-09-16T16:08:33","modified_gmt":"2022-09-16T16:08:33","slug":"policia-militar-localiza-moto-furtada-da-radio-95-fm-em-dracena","status":"publish","type":"post","link":"https:\/\/jorgezanoni.com.br\/2019\/policia-militar-localiza-moto-furtada-da-radio-95-fm-em-dracena\/","title":{"rendered":"Pol\u00edcia Militar localiza Moto furtada da R\u00e1dio 95 FM em Dracena"},"content":{"rendered":"<p style=\"text-align: justify;\">POL\u00cdCIA MILITAR EM DRACENA LOCALIZA MOTO FURTADA E DEVOLVE AO PROPRIET\u00c1RIO<\/p>\n<p style=\"text-align: justify;\">Na data de hoje (16) por volta das 09h29min a Pol\u00edcia Militar em Dracena localizou ap\u00f3s den\u00fancia 190 pela Rua Visconde do Rio Branco no bairro Vila Barros a moto CG Honda Start furtada na data de ontem (15) em Dracena. O ve\u00edculo que estava abandonado foi reconhecido pela v\u00edtima como de sua propriedade, sendo devolvido a ele.<\/p>\n<p><img loading=\"lazy\" decoding=\"async\" class=\"alignnone size-full wp-image-68918\" src=\"https:\/\/jorgezanoni.com.br\/2019\/wp-content\/uploads\/2022\/09\/Moto-1.jpg\" alt=\"\" width=\"700\" height=\"525\" srcset=\"https:\/\/jorgezanoni.com.br\/2019\/wp-content\/uploads\/2022\/09\/Moto-1.jpg 700w, https:\/\/jorgezanoni.com.br\/2019\/wp-content\/uploads\/2022\/09\/Moto-1-300x225.jpg 300w, https:\/\/jorgezanoni.com.br\/2019\/wp-content\/uploads\/2022\/09\/Moto-1-80x60.jpg 80w, https:\/\/jorgezanoni.com.br\/2019\/wp-content\/uploads\/2022\/09\/Moto-1-265x198.jpg 265w, https:\/\/jorgezanoni.com.br\/2019\/wp-content\/uploads\/2022\/09\/Moto-1-696x522.jpg 696w, https:\/\/jorgezanoni.com.br\/2019\/wp-content\/uploads\/2022\/09\/Moto-1-560x420.jpg 560w\" sizes=\"auto, (max-width: 700px) 100vw, 700px\" \/> <img loading=\"lazy\" decoding=\"async\" class=\"alignnone size-full wp-image-68920\" src=\"https:\/\/jorgezanoni.com.br\/2019\/wp-content\/uploads\/2022\/09\/Moto2.jpg\" alt=\"\" width=\"700\" height=\"393\" srcset=\"https:\/\/jorgezanoni.com.br\/2019\/wp-content\/uploads\/2022\/09\/Moto2.jpg 700w, https:\/\/jorgezanoni.com.br\/2019\/wp-content\/uploads\/2022\/09\/Moto2-300x168.jpg 300w, https:\/\/jorgezanoni.com.br\/2019\/wp-content\/uploads\/2022\/09\/Moto2-696x391.jpg 696w\" sizes=\"auto, (max-width: 700px) 100vw, 700px\" \/><\/p>\n<p>Fonte: Com. Social Pol\u00edcia Militar<\/p>\n<p style=\"text-align: justify;\"><strong>DIRE\u00c7\u00c3O DA R\u00c1DIO 95 FM AGRADEDE A POL\u00cdCIA MILITAR E AMIGOS DA IMPRENSA.<\/strong><\/p>\n<p><img loading=\"lazy\" decoding=\"async\" class=\"alignnone size-full wp-image-68921\" src=\"https:\/\/jorgezanoni.com.br\/2019\/wp-content\/uploads\/2022\/09\/Moto3-2.jpg\" alt=\"\" width=\"706\" height=\"1016\" srcset=\"https:\/\/jorgezanoni.com.br\/2019\/wp-content\/uploads\/2022\/09\/Moto3-2.jpg 706w, https:\/\/jorgezanoni.com.br\/2019\/wp-content\/uploads\/2022\/09\/Moto3-2-208x300.jpg 208w, https:\/\/jorgezanoni.com.br\/2019\/wp-content\/uploads\/2022\/09\/Moto3-2-696x1002.jpg 696w, https:\/\/jorgezanoni.com.br\/2019\/wp-content\/uploads\/2022\/09\/Moto3-2-292x420.jpg 292w\" sizes=\"auto, (max-width: 706px) 100vw, 706px\" \/><\/p>\n<p>&nbsp;<\/p>\n","protected":false},"excerpt":{"rendered":"<p>POL\u00cdCIA MILITAR EM DRACENA LOCALIZA MOTO FURTADA E DEVOLVE AO PROPRIET\u00c1RIO Na data de hoje (16) por volta das 09h29min a Pol\u00edcia Militar em Dracena localizou ap\u00f3s den\u00fancia 190 pela Rua Visconde do Rio Branco no bairro Vila Barros a moto CG Honda Start furtada na data de ontem (15) em Dracena. O ve\u00edculo que [&hellip;]<\/p>\n","protected":false},"author":1,"featured_media":68919,"comment_status":"closed","ping_status":"open","sticky":false,"template":"","format":"standard","meta":{"footnotes":""},"categories":[110,2],"tags":[],"class_list":["post-68917","post","type-post","status-publish","format-standard","has-post-thumbnail","hentry","category-noticiasdestaque","category-policial"],"_links":{"self":[{"href":"https:\/\/jorgezanoni.com.br\/2019\/wp-json\/wp\/v2\/posts\/68917","targetHints":{"allow":["GET"]}}],"collection":[{"href":"https:\/\/jorgezanoni.com.br\/2019\/wp-json\/wp\/v2\/posts"}],"about":[{"href":"https:\/\/jorgezanoni.com.br\/2019\/wp-json\/wp\/v2\/types\/post"}],"author":[{"embeddable":true,"href":"https:\/\/jorgezanoni.com.br\/2019\/wp-json\/wp\/v2\/users\/1"}],"replies":[{"embeddable":true,"href":"https:\/\/jorgezanoni.com.br\/2019\/wp-json\/wp\/v2\/comments?post=68917"}],"version-history":[{"count":1,"href":"https:\/\/jorgezanoni.com.br\/2019\/wp-json\/wp\/v2\/posts\/68917\/revisions"}],"predecessor-version":[{"id":68922,"href":"https:\/\/jorgezanoni.com.br\/2019\/wp-json\/wp\/v2\/posts\/68917\/revisions\/68922"}],"wp:featuredmedia":[{"embeddable":true,"href":"https:\/\/jorgezanoni.com.br\/2019\/wp-json\/wp\/v2\/media\/68919"}],"wp:attachment":[{"href":"https:\/\/jorgezanoni.com.br\/2019\/wp-json\/wp\/v2\/media?parent=68917"}],"wp:term":[{"taxonomy":"category","embeddable":true,"href":"https:\/\/jorgezanoni.com.br\/2019\/wp-json\/wp\/v2\/categories?post=68917"},{"taxonomy":"post_tag","embeddable":true,"href":"https:\/\/jorgezanoni.com.br\/2019\/wp-json\/wp\/v2\/tags?post=68917"}],"curies":[{"name":"wp","href":"https:\/\/api.w.org\/{rel}","templated":true}]}}