{"id":68873,"date":"2022-09-15T19:09:15","date_gmt":"2022-09-15T19:09:15","guid":{"rendered":"https:\/\/jorgezanoni.com.br\/2019\/?p=68873"},"modified":"2022-09-15T19:09:15","modified_gmt":"2022-09-15T19:09:15","slug":"alguns-passos-para-educar-as-criancas-sem-bater-nem-humilhar-por-cidinha-pascoaloto","status":"publish","type":"post","link":"https:\/\/jorgezanoni.com.br\/2019\/alguns-passos-para-educar-as-criancas-sem-bater-nem-humilhar-por-cidinha-pascoaloto\/","title":{"rendered":"Alguns passos para educar as crian\u00e7as sem bater nem humilhar  (por Cidinha Pascoaloto)"},"content":{"rendered":"<p style=\"text-align: justify;\"><strong>N\u00e3o dever\u00e3o gerar filhos quem n\u00e3o quer dar-se ao trabalho de cri\u00e1-los e educ\u00e1-los. (Plat\u00e3o)<\/strong><\/p>\n<p style=\"text-align: justify;\">As Atitudes que muitos pais t\u00eam em rela\u00e7\u00e3o a educa\u00e7\u00e3o dos filhos como gritar, humilhar, agredir verbalmente ou fisicamente fazem com que a crian\u00e7a fique mais agressiva. A crian\u00e7a que sofre esse tipo agress\u00e3o fica com a autoestima afetada. Para modificar comportamento de forma saud\u00e1vel os pais devem aplicar disciplina de forma positiva.<\/p>\n<p style=\"text-align: justify;\">\u00a0\u00c9 positivo ensinar \u00e0s crian\u00e7as a diferen\u00e7a entre o bem e o mal como um exemplo pode fazer a crian\u00e7a ver as consequ\u00eancias de seu comportamento.\u00a0Tenha cautela na hora de impor normas e limites \u00e0s crian\u00e7as. As normas devem ser claras e realistas para que a crian\u00e7a seja capaz de seguir regras.<\/p>\n<p style=\"text-align: justify;\">Devem\u00a0explicar as consequ\u00eancias das atitudes com calma e firmeza. A crian\u00e7a precisa saber que tudo que fazemos tem consequ\u00eancias. Por exemplo se n\u00e3o organizar os brinquedos agora n\u00e3o poder\u00e1 brincar com eles amanh\u00e3.<\/p>\n<p style=\"text-align: justify;\">\u00a0\u00c9 fundamental os pais ouvirem seus filhos. Deixe seu filho contar tudo que est\u00e1 sentindo antes de ajud\u00e1-lo. Ou\u00e7a seu filho. Preste aten\u00e7\u00e3o essa \u00e9 uma ferramenta poderosa para educar, emprestar seus ouvidos para escutar e refor\u00e7ar comportamentos positivos, enfraquecendo os negativos de forma calma e firme.<\/p>\n<p style=\"text-align: justify;\">\u00a0Os pais podem desconsiderar um mau comportamento da crian\u00e7a. Isso pode ser uma boa op\u00e7\u00e3o para a crian\u00e7a ser ele mesma e descobrir as consequ\u00eancias do seu mau comportamento. Assim ela pode desenvolver autonomia. Para reduzir o mau comportamento tente propor alguma atividade diferente que a crian\u00e7a se divirta. Ou ent\u00e3o caso o comportamento persista use o cantinho do castigo que deve ser aliado a uma boa conversa.<\/p>\n<p style=\"text-align: justify;\">O di\u00e1logo \u00e9 fundamental em uma fam\u00edlia. Outra forma legal \u00e9 fazer a crian\u00e7a\u00a0 administrar seu pr\u00f3prio tempo pe\u00e7a para que ele v\u00e1 para o quarto e voltar quando estiver mais calmo. O prop\u00f3sito \u00e9 educar sem gritarias, chinelada e humilha\u00e7\u00f5es. Se voc\u00ea tem dificuldade em lidar com a crian\u00e7a procure ajuda de um psic\u00f3logo.<\/p>\n<p><img loading=\"lazy\" decoding=\"async\" class=\"alignnone size-full wp-image-68874\" src=\"https:\/\/jorgezanoni.com.br\/2019\/wp-content\/uploads\/2022\/09\/Cidinha-Pascoaloto-2.jpg\" alt=\"\" width=\"500\" height=\"755\" srcset=\"https:\/\/jorgezanoni.com.br\/2019\/wp-content\/uploads\/2022\/09\/Cidinha-Pascoaloto-2.jpg 500w, https:\/\/jorgezanoni.com.br\/2019\/wp-content\/uploads\/2022\/09\/Cidinha-Pascoaloto-2-199x300.jpg 199w, https:\/\/jorgezanoni.com.br\/2019\/wp-content\/uploads\/2022\/09\/Cidinha-Pascoaloto-2-278x420.jpg 278w\" sizes=\"auto, (max-width: 500px) 100vw, 500px\" \/><\/p>\n<p style=\"text-align: justify;\">Cidinha Pascoaloto \u2013 Psic\u00f3loga -CRP 06\/158174 Terapia cognitivo Comportamental (TCC)Atendimento on-line, contato: (18) 99725-6418<\/p>\n<p>&nbsp;<\/p>\n<p>&nbsp;<\/p>\n<p>&nbsp;<\/p>\n","protected":false},"excerpt":{"rendered":"<p>N\u00e3o dever\u00e3o gerar filhos quem n\u00e3o quer dar-se ao trabalho de cri\u00e1-los e educ\u00e1-los. (Plat\u00e3o) As Atitudes que muitos pais t\u00eam em rela\u00e7\u00e3o a educa\u00e7\u00e3o dos filhos como gritar, humilhar, agredir verbalmente ou fisicamente fazem com que a crian\u00e7a fique mais agressiva. A crian\u00e7a que sofre esse tipo agress\u00e3o fica com a autoestima afetada. Para [&hellip;]<\/p>\n","protected":false},"author":1,"featured_media":68875,"comment_status":"closed","ping_status":"open","sticky":false,"template":"","format":"standard","meta":{"footnotes":""},"categories":[175],"tags":[],"class_list":["post-68873","post","type-post","status-publish","format-standard","has-post-thumbnail","hentry","category-artigos"],"_links":{"self":[{"href":"https:\/\/jorgezanoni.com.br\/2019\/wp-json\/wp\/v2\/posts\/68873","targetHints":{"allow":["GET"]}}],"collection":[{"href":"https:\/\/jorgezanoni.com.br\/2019\/wp-json\/wp\/v2\/posts"}],"about":[{"href":"https:\/\/jorgezanoni.com.br\/2019\/wp-json\/wp\/v2\/types\/post"}],"author":[{"embeddable":true,"href":"https:\/\/jorgezanoni.com.br\/2019\/wp-json\/wp\/v2\/users\/1"}],"replies":[{"embeddable":true,"href":"https:\/\/jorgezanoni.com.br\/2019\/wp-json\/wp\/v2\/comments?post=68873"}],"version-history":[{"count":1,"href":"https:\/\/jorgezanoni.com.br\/2019\/wp-json\/wp\/v2\/posts\/68873\/revisions"}],"predecessor-version":[{"id":68876,"href":"https:\/\/jorgezanoni.com.br\/2019\/wp-json\/wp\/v2\/posts\/68873\/revisions\/68876"}],"wp:featuredmedia":[{"embeddable":true,"href":"https:\/\/jorgezanoni.com.br\/2019\/wp-json\/wp\/v2\/media\/68875"}],"wp:attachment":[{"href":"https:\/\/jorgezanoni.com.br\/2019\/wp-json\/wp\/v2\/media?parent=68873"}],"wp:term":[{"taxonomy":"category","embeddable":true,"href":"https:\/\/jorgezanoni.com.br\/2019\/wp-json\/wp\/v2\/categories?post=68873"},{"taxonomy":"post_tag","embeddable":true,"href":"https:\/\/jorgezanoni.com.br\/2019\/wp-json\/wp\/v2\/tags?post=68873"}],"curies":[{"name":"wp","href":"https:\/\/api.w.org\/{rel}","templated":true}]}}