{"id":68866,"date":"2022-09-15T17:35:41","date_gmt":"2022-09-15T17:35:41","guid":{"rendered":"https:\/\/jorgezanoni.com.br\/2019\/?p=68866"},"modified":"2022-09-15T17:35:41","modified_gmt":"2022-09-15T17:35:41","slug":"dracena-tempersul-unifadra-treina-no-ginasio-galenao","status":"publish","type":"post","link":"https:\/\/jorgezanoni.com.br\/2019\/dracena-tempersul-unifadra-treina-no-ginasio-galenao\/","title":{"rendered":"Dracena Tempersul Unifadra treina no gin\u00e1sio Galen\u00e3o"},"content":{"rendered":"<p style=\"text-align: justify;\"><span style=\"font-size: large;\">A semana de prepara\u00e7\u00e3o do Dracena Tempersul Unifadra para a sequ\u00eancia da Liga Paulista come\u00e7ou diferente nesta semana, ap\u00f3s a vit\u00f3ria sobre o Magnus por 5 a 1, no s\u00e1bado (10). Na manh\u00e3 de ter\u00e7a-feira (13), o elenco fez atividades na Academia do Bandeira e, \u00e0 noite, foi a vez de trabalhos f\u00edsicos no gin\u00e1sio <\/span>Galen\u00e3o,<span style=\"font-size: large;\">\u00a0dentro do complexo da Unifadra.<\/span><\/p>\n<p><span style=\"font-size: large;\">Na oportunidade, alunos do curso de Educa\u00e7\u00e3o F\u00edsica da institui\u00e7\u00e3o acompanharam os exerc\u00edcios propostos pelos preparadores Junior Camuci e Anderson Lecca (Ded\u00ea) ao elenco do atual bicampe\u00e3o da Liga Paulista.<\/span><\/p>\n<p><span style=\"font-size: large;\">&#8220;\u00c9 importante que haja esse interc\u00e2mbio entre a universidade e a equipe de futsal. O time \u00e9 um laborat\u00f3rio no qual os alunos conseguem visualizar na pr\u00e1tica o que \u00e9 ensinado na teoria&#8221;, avaliou Camuci, que alia a prepara\u00e7\u00e3o do Dracena Tempersul Unifadra \u00e0 c\u00e1tedra na institui\u00e7\u00e3o.<\/span><\/p>\n<p><span style=\"font-size: large;\">Para o tamb\u00e9m preparador Ded\u00ea, &#8220;nesta oportunidade foram desenvolvidos exerc\u00edcios para aprimorar o condicionamento e aumentar a resist\u00eancia. Com isso, vamos conseguir suportar bem a sequ\u00eancia de jogos nesse m\u00eas de setembro&#8221;.<\/span><\/p>\n<p><span style=\"font-size: large;\">Segundo o diretor acad\u00eamico da Unifadra Enio Garbelini, &#8220;ter a oportunidade de acompanhar a prepara\u00e7\u00e3o f\u00edsica de uma equipe de alto rendimento evidencia, principalmente, a atua\u00e7\u00e3o dos preparadores f\u00edsicos. Nossos alunos puderam perceber a forma como os profissionais gerenciam o grupo sem perder de vista a necessidade dos indiv\u00edduos, em especial neste tipo de treino que exige muito de cada um. Esta \u00e9 uma habilidade que se ensina pelo exemplo.\u00a0<\/span>Camuci<span style=\"font-size: large;\">\u00a0e Ded\u00ea conseguiram demonstrar isso, indo al\u00e9m da teoria e da pr\u00e1tica, o que enriquece muito o aprendizado de nossos acad\u00eamicos&#8221;.<\/span><\/p>\n<p><span style=\"font-size: large;\">A equipe de futsal segue a programa\u00e7\u00e3o com treinos de quadra nos gin\u00e1sios Dovilho Moura e Alaor Ferrari, nos per\u00edodos da manh\u00e3 e tarde, respectivamente.<\/span><\/p>\n<p style=\"text-align: justify;\"><span style=\"font-size: large;\"><img loading=\"lazy\" decoding=\"async\" class=\"alignnone size-full wp-image-68867\" src=\"https:\/\/jorgezanoni.com.br\/2019\/wp-content\/uploads\/2022\/09\/tem.jpg\" alt=\"\" width=\"700\" height=\"388\" srcset=\"https:\/\/jorgezanoni.com.br\/2019\/wp-content\/uploads\/2022\/09\/tem.jpg 700w, https:\/\/jorgezanoni.com.br\/2019\/wp-content\/uploads\/2022\/09\/tem-300x166.jpg 300w, https:\/\/jorgezanoni.com.br\/2019\/wp-content\/uploads\/2022\/09\/tem-696x385.jpg 696w\" sizes=\"auto, (max-width: 700px) 100vw, 700px\" \/> <img loading=\"lazy\" decoding=\"async\" class=\"alignnone size-full wp-image-68868\" src=\"https:\/\/jorgezanoni.com.br\/2019\/wp-content\/uploads\/2022\/09\/tem1.jpg\" alt=\"\" width=\"700\" height=\"388\" srcset=\"https:\/\/jorgezanoni.com.br\/2019\/wp-content\/uploads\/2022\/09\/tem1.jpg 700w, https:\/\/jorgezanoni.com.br\/2019\/wp-content\/uploads\/2022\/09\/tem1-300x166.jpg 300w, https:\/\/jorgezanoni.com.br\/2019\/wp-content\/uploads\/2022\/09\/tem1-696x385.jpg 696w\" sizes=\"auto, (max-width: 700px) 100vw, 700px\" \/> <img loading=\"lazy\" decoding=\"async\" class=\"alignnone size-full wp-image-68870\" src=\"https:\/\/jorgezanoni.com.br\/2019\/wp-content\/uploads\/2022\/09\/tem3.jpg\" alt=\"\" width=\"700\" height=\"388\" srcset=\"https:\/\/jorgezanoni.com.br\/2019\/wp-content\/uploads\/2022\/09\/tem3.jpg 700w, https:\/\/jorgezanoni.com.br\/2019\/wp-content\/uploads\/2022\/09\/tem3-300x166.jpg 300w, https:\/\/jorgezanoni.com.br\/2019\/wp-content\/uploads\/2022\/09\/tem3-696x385.jpg 696w\" sizes=\"auto, (max-width: 700px) 100vw, 700px\" \/> <img loading=\"lazy\" decoding=\"async\" class=\"alignnone size-full wp-image-68871\" src=\"https:\/\/jorgezanoni.com.br\/2019\/wp-content\/uploads\/2022\/09\/tem4.jpg\" alt=\"\" width=\"700\" height=\"388\" srcset=\"https:\/\/jorgezanoni.com.br\/2019\/wp-content\/uploads\/2022\/09\/tem4.jpg 700w, https:\/\/jorgezanoni.com.br\/2019\/wp-content\/uploads\/2022\/09\/tem4-300x166.jpg 300w, https:\/\/jorgezanoni.com.br\/2019\/wp-content\/uploads\/2022\/09\/tem4-696x385.jpg 696w\" sizes=\"auto, (max-width: 700px) 100vw, 700px\" \/><\/span><br \/>\n<span style=\"font-size: large;\"><i>Texto e fotos: Jo\u00e3o Paulo Benini<\/i><\/span><\/p>\n<p>Fonte: Depto. Comunica\u00e7\u00e3o Fundec<\/p>\n","protected":false},"excerpt":{"rendered":"<p>A semana de prepara\u00e7\u00e3o do Dracena Tempersul Unifadra para a sequ\u00eancia da Liga Paulista come\u00e7ou diferente nesta semana, ap\u00f3s a vit\u00f3ria sobre o Magnus por 5 a 1, no s\u00e1bado (10). Na manh\u00e3 de ter\u00e7a-feira (13), o elenco fez atividades na Academia do Bandeira e, \u00e0 noite, foi a vez de trabalhos f\u00edsicos no gin\u00e1sio [&hellip;]<\/p>\n","protected":false},"author":1,"featured_media":68869,"comment_status":"closed","ping_status":"open","sticky":false,"template":"","format":"standard","meta":{"footnotes":""},"categories":[111,110],"tags":[],"class_list":["post-68866","post","type-post","status-publish","format-standard","has-post-thumbnail","hentry","category-esporteecultura","category-noticiasdestaque"],"_links":{"self":[{"href":"https:\/\/jorgezanoni.com.br\/2019\/wp-json\/wp\/v2\/posts\/68866","targetHints":{"allow":["GET"]}}],"collection":[{"href":"https:\/\/jorgezanoni.com.br\/2019\/wp-json\/wp\/v2\/posts"}],"about":[{"href":"https:\/\/jorgezanoni.com.br\/2019\/wp-json\/wp\/v2\/types\/post"}],"author":[{"embeddable":true,"href":"https:\/\/jorgezanoni.com.br\/2019\/wp-json\/wp\/v2\/users\/1"}],"replies":[{"embeddable":true,"href":"https:\/\/jorgezanoni.com.br\/2019\/wp-json\/wp\/v2\/comments?post=68866"}],"version-history":[{"count":1,"href":"https:\/\/jorgezanoni.com.br\/2019\/wp-json\/wp\/v2\/posts\/68866\/revisions"}],"predecessor-version":[{"id":68872,"href":"https:\/\/jorgezanoni.com.br\/2019\/wp-json\/wp\/v2\/posts\/68866\/revisions\/68872"}],"wp:featuredmedia":[{"embeddable":true,"href":"https:\/\/jorgezanoni.com.br\/2019\/wp-json\/wp\/v2\/media\/68869"}],"wp:attachment":[{"href":"https:\/\/jorgezanoni.com.br\/2019\/wp-json\/wp\/v2\/media?parent=68866"}],"wp:term":[{"taxonomy":"category","embeddable":true,"href":"https:\/\/jorgezanoni.com.br\/2019\/wp-json\/wp\/v2\/categories?post=68866"},{"taxonomy":"post_tag","embeddable":true,"href":"https:\/\/jorgezanoni.com.br\/2019\/wp-json\/wp\/v2\/tags?post=68866"}],"curies":[{"name":"wp","href":"https:\/\/api.w.org\/{rel}","templated":true}]}}