{"id":68827,"date":"2022-09-15T01:22:08","date_gmt":"2022-09-15T01:22:08","guid":{"rendered":"https:\/\/jorgezanoni.com.br\/2019\/?p=68827"},"modified":"2022-09-15T01:22:08","modified_gmt":"2022-09-15T01:22:08","slug":"morre-o-sr-alcides-gasparini-ex-morador-de-dracena-e-funcionario-do-d-e-r","status":"publish","type":"post","link":"https:\/\/jorgezanoni.com.br\/2019\/morre-o-sr-alcides-gasparini-ex-morador-de-dracena-e-funcionario-do-d-e-r\/","title":{"rendered":"Morre o sr. Alcides Gasparini ex-morador de Dracena e funcion\u00e1rio do D.E.R."},"content":{"rendered":"<p style=\"text-align: justify;\">Comunicamos com pesar o falecimento do Sr. Alcides Gasparini de 89 anos. Foi morador por muitos anos em Dracena na d\u00e9cada de 80 e funcion\u00e1rio do D.E.R., mudou-se para Presidente Prudente e atualmente residia em Ribeir\u00e3o Preto onde faleceu.<\/p>\n<p style=\"text-align: justify;\">Deixa a esposa Lourdes, filhos, nora, genros, netos, bisnetos, demais familiares e amigos.<\/p>\n<p style=\"text-align: justify;\">O seu Corpo est\u00e1 sendo velado no Memorial Vida Prev e o Sepultamento ocorre amanh\u00e3 (15) \u00e0s 10:00 Horas no Cemit\u00e9rio Municipal de Dracena.<\/p>\n<p style=\"text-align: justify;\">O Site JZ se solidariza com os familiares e amigos neste dif\u00edcil momento.<\/p>\n<p style=\"text-align: justify;\">Jorge Zanoni<\/p>\n<p><img loading=\"lazy\" decoding=\"async\" class=\"alignnone size-full wp-image-68828\" src=\"https:\/\/jorgezanoni.com.br\/2019\/wp-content\/uploads\/2022\/09\/Alcides.jpg\" alt=\"\" width=\"1280\" height=\"1279\" srcset=\"https:\/\/jorgezanoni.com.br\/2019\/wp-content\/uploads\/2022\/09\/Alcides.jpg 1280w, https:\/\/jorgezanoni.com.br\/2019\/wp-content\/uploads\/2022\/09\/Alcides-300x300.jpg 300w, https:\/\/jorgezanoni.com.br\/2019\/wp-content\/uploads\/2022\/09\/Alcides-1024x1024.jpg 1024w, https:\/\/jorgezanoni.com.br\/2019\/wp-content\/uploads\/2022\/09\/Alcides-150x150.jpg 150w, https:\/\/jorgezanoni.com.br\/2019\/wp-content\/uploads\/2022\/09\/Alcides-768x767.jpg 768w, https:\/\/jorgezanoni.com.br\/2019\/wp-content\/uploads\/2022\/09\/Alcides-696x695.jpg 696w, https:\/\/jorgezanoni.com.br\/2019\/wp-content\/uploads\/2022\/09\/Alcides-1068x1067.jpg 1068w, https:\/\/jorgezanoni.com.br\/2019\/wp-content\/uploads\/2022\/09\/Alcides-420x420.jpg 420w\" sizes=\"auto, (max-width: 1280px) 100vw, 1280px\" \/><\/p>\n<p>&nbsp;<\/p>\n","protected":false},"excerpt":{"rendered":"<p>Comunicamos com pesar o falecimento do Sr. Alcides Gasparini de 89 anos. Foi morador por muitos anos em Dracena na d\u00e9cada de 80 e funcion\u00e1rio do D.E.R., mudou-se para Presidente Prudente e atualmente residia em Ribeir\u00e3o Preto onde faleceu. Deixa a esposa Lourdes, filhos, nora, genros, netos, bisnetos, demais familiares e amigos. O seu Corpo [&hellip;]<\/p>\n","protected":false},"author":1,"featured_media":68829,"comment_status":"closed","ping_status":"open","sticky":false,"template":"","format":"standard","meta":{"footnotes":""},"categories":[178,110],"tags":[],"class_list":["post-68827","post","type-post","status-publish","format-standard","has-post-thumbnail","hentry","category-notadefalecimento","category-noticiasdestaque"],"_links":{"self":[{"href":"https:\/\/jorgezanoni.com.br\/2019\/wp-json\/wp\/v2\/posts\/68827","targetHints":{"allow":["GET"]}}],"collection":[{"href":"https:\/\/jorgezanoni.com.br\/2019\/wp-json\/wp\/v2\/posts"}],"about":[{"href":"https:\/\/jorgezanoni.com.br\/2019\/wp-json\/wp\/v2\/types\/post"}],"author":[{"embeddable":true,"href":"https:\/\/jorgezanoni.com.br\/2019\/wp-json\/wp\/v2\/users\/1"}],"replies":[{"embeddable":true,"href":"https:\/\/jorgezanoni.com.br\/2019\/wp-json\/wp\/v2\/comments?post=68827"}],"version-history":[{"count":1,"href":"https:\/\/jorgezanoni.com.br\/2019\/wp-json\/wp\/v2\/posts\/68827\/revisions"}],"predecessor-version":[{"id":68830,"href":"https:\/\/jorgezanoni.com.br\/2019\/wp-json\/wp\/v2\/posts\/68827\/revisions\/68830"}],"wp:featuredmedia":[{"embeddable":true,"href":"https:\/\/jorgezanoni.com.br\/2019\/wp-json\/wp\/v2\/media\/68829"}],"wp:attachment":[{"href":"https:\/\/jorgezanoni.com.br\/2019\/wp-json\/wp\/v2\/media?parent=68827"}],"wp:term":[{"taxonomy":"category","embeddable":true,"href":"https:\/\/jorgezanoni.com.br\/2019\/wp-json\/wp\/v2\/categories?post=68827"},{"taxonomy":"post_tag","embeddable":true,"href":"https:\/\/jorgezanoni.com.br\/2019\/wp-json\/wp\/v2\/tags?post=68827"}],"curies":[{"name":"wp","href":"https:\/\/api.w.org\/{rel}","templated":true}]}}