{"id":6881,"date":"2019-09-21T23:31:49","date_gmt":"2019-09-21T23:31:49","guid":{"rendered":"https:\/\/jorgezanoni.com.br\/2019\/?p=6881"},"modified":"2019-09-21T23:31:49","modified_gmt":"2019-09-21T23:31:49","slug":"garota-de-dracena-esta-desaparecida-desde-ontem","status":"publish","type":"post","link":"https:\/\/jorgezanoni.com.br\/2019\/garota-de-dracena-esta-desaparecida-desde-ontem\/","title":{"rendered":"Garota de Dracena est\u00e1 desaparecida desde ontem"},"content":{"rendered":"<p style=\"text-align: justify;\">Est\u00e1 desaparecida desde ontem a jovem de 15 anos de idade, TAMIRES SANTOS GON\u00c7ALVES. \u00c9 filha de Daniel e Rose, moradores da rua dos Ip\u00eas no Parque Dracena.<\/p>\n<p style=\"text-align: justify;\">Segundo informa\u00e7\u00f5es de familiares ela saiu para estudar na Escola Isac Pereira Garcez no per\u00edodo da tarde e n\u00e3o retornou para casa. Hoje algu\u00e9m comentou que ela foi vista nas imedia\u00e7\u00f5es do Gin\u00e1sio de Esportes.<\/p>\n<p style=\"text-align: justify;\">Na oportunidade que saiu de casa usava cal\u00e7a cinza e camiseta de uniforme da Escola Isac.<\/p>\n<p style=\"text-align: justify;\">Qualquer informa\u00e7\u00e3o podem ligar para a Pol\u00edcia Militar 190 ou para o Cel. 99642-2271<\/p>\n<p style=\"text-align: justify;\">\n<p>&nbsp;<\/p>\n<p>&nbsp;<\/p>\n","protected":false},"excerpt":{"rendered":"<p>Est\u00e1 desaparecida desde ontem a jovem de 15 anos de idade, TAMIRES SANTOS GON\u00c7ALVES. \u00c9 filha de Daniel e Rose, moradores da rua dos Ip\u00eas no Parque Dracena. Segundo informa\u00e7\u00f5es de familiares ela saiu para estudar na Escola Isac Pereira Garcez no per\u00edodo da tarde e n\u00e3o retornou para casa. Hoje algu\u00e9m comentou que ela [&hellip;]<\/p>\n","protected":false},"author":1,"featured_media":6882,"comment_status":"closed","ping_status":"open","sticky":false,"template":"","format":"standard","meta":{"footnotes":""},"categories":[110,2],"tags":[],"class_list":["post-6881","post","type-post","status-publish","format-standard","has-post-thumbnail","hentry","category-noticiasdestaque","category-policial"],"_links":{"self":[{"href":"https:\/\/jorgezanoni.com.br\/2019\/wp-json\/wp\/v2\/posts\/6881","targetHints":{"allow":["GET"]}}],"collection":[{"href":"https:\/\/jorgezanoni.com.br\/2019\/wp-json\/wp\/v2\/posts"}],"about":[{"href":"https:\/\/jorgezanoni.com.br\/2019\/wp-json\/wp\/v2\/types\/post"}],"author":[{"embeddable":true,"href":"https:\/\/jorgezanoni.com.br\/2019\/wp-json\/wp\/v2\/users\/1"}],"replies":[{"embeddable":true,"href":"https:\/\/jorgezanoni.com.br\/2019\/wp-json\/wp\/v2\/comments?post=6881"}],"version-history":[{"count":0,"href":"https:\/\/jorgezanoni.com.br\/2019\/wp-json\/wp\/v2\/posts\/6881\/revisions"}],"wp:featuredmedia":[{"embeddable":true,"href":"https:\/\/jorgezanoni.com.br\/2019\/wp-json\/wp\/v2\/media\/6882"}],"wp:attachment":[{"href":"https:\/\/jorgezanoni.com.br\/2019\/wp-json\/wp\/v2\/media?parent=6881"}],"wp:term":[{"taxonomy":"category","embeddable":true,"href":"https:\/\/jorgezanoni.com.br\/2019\/wp-json\/wp\/v2\/categories?post=6881"},{"taxonomy":"post_tag","embeddable":true,"href":"https:\/\/jorgezanoni.com.br\/2019\/wp-json\/wp\/v2\/tags?post=6881"}],"curies":[{"name":"wp","href":"https:\/\/api.w.org\/{rel}","templated":true}]}}