{"id":6874,"date":"2019-09-21T22:26:59","date_gmt":"2019-09-21T22:26:59","guid":{"rendered":"https:\/\/jorgezanoni.com.br\/2019\/?p=6874"},"modified":"2019-09-21T22:26:59","modified_gmt":"2019-09-21T22:26:59","slug":"terremoto-na-albania-deixa-dezenas-de-feridos","status":"publish","type":"post","link":"https:\/\/jorgezanoni.com.br\/2019\/terremoto-na-albania-deixa-dezenas-de-feridos\/","title":{"rendered":"Terremoto na Alb\u00e2nia deixa dezenas de feridos"},"content":{"rendered":"<h2 class=\"content-head__subtitle\" style=\"text-align: justify;\"><strong>Tremores foram sentidos nos arredores da capital do pa\u00eds e alcan\u00e7aram magnitude 5,6. Segundo as autoridades, n\u00e3o h\u00e1 mortes at\u00e9 o momento.<\/strong><\/h2>\n<div class=\"mc-column content-text active-extra-styles \" data-block-type=\"unstyled\" data-block-weight=\"50\" data-block-id=\"2\">\n<p class=\"content-text__container \" style=\"text-align: justify;\" data-track-category=\"Link no Texto\" data-track-links=\"\">Um terremoto atingiu a\u00a0<a href=\"https:\/\/g1.globo.com\/tudo-sobre\/albania\/\">Alb\u00e2nia<\/a>\u00a0neste s\u00e1bado (21), deixando mais de 40 feridos, segundo a imprensa local. Os tremores foram registrados nos arredores da capital do pa\u00eds, Tirana, e alcan\u00e7aram magnitude 5,6. De acordo com as autoridades locais, n\u00e3o houve mortos. Foram sentidos tremores fortes na cidade portu\u00e1ria de Durres.<\/p>\n<\/div>\n<div class=\"wall protected-content\">\n<div class=\"mc-column content-text active-extra-styles\" style=\"text-align: justify;\" data-block-type=\"raw\" data-block-weight=\"6\" data-block-id=\"3\">\n<ul class=\"content-unordered-list\">\n<li><a href=\"http:\/\/g1.globo.com\/Noticias\/Ciencia\/0,,MUL89180-5603,00-ENTENDA+COMO+FUNCIONA+A+ESCALA+RICHTER.html\">Entenda como funciona a escala Richter<\/a><\/li>\n<\/ul>\n<\/div>\n<div class=\"mc-column content-text active-extra-styles \" data-block-type=\"unstyled\" data-block-weight=\"58\" data-block-id=\"4\">\n<p class=\"content-text__container \" style=\"text-align: justify;\" data-track-category=\"Link no Texto\" data-track-links=\"\">De acordo com o Minist\u00e9rio da Defesa do pa\u00eds, este foi o terremoto mais forte na Alb\u00e2nia em 30 anos. Conforme relatado pelo Instituto de Geoci\u00eancias de Tirana, o terremoto ocorreu por volta das 14 horas (9 horas em Bras\u00edlia) em uma \u00e1rea marinha a 30 km de Durres e a uma profundidade focal de apenas 10 quil\u00f4metros.<\/p>\n<div class=\"mc-column content-text active-extra-styles \" style=\"text-align: justify;\" data-block-type=\"unstyled\" data-block-weight=\"40\" data-block-id=\"7\">\n<p class=\"content-text__container \" data-track-category=\"Link no Texto\" data-track-links=\"\">Os tremores causaram p\u00e2nico e danos materiais consider\u00e1veis, embora, de acordo com a primeira informa\u00e7\u00e3o, pare\u00e7a n\u00e3o haver mortos. Entre os edif\u00edcios que sofreram danos est\u00e1 a faculdade de Geologia da Universidade de Tirana, na qual parte do telhado desabou.<\/p>\n<\/div>\n<div class=\"mc-column content-text active-extra-styles \" data-block-type=\"unstyled\" data-block-weight=\"51\" data-block-id=\"8\">\n<p class=\"content-text__container \" style=\"text-align: justify;\" data-track-category=\"Link no Texto\" data-track-links=\"\">&#8220;Todos os vizinhos sa\u00edram gritando&#8221;, disse um aposentado que vive em Tirana, \u00e0 ag\u00eancia Reuters. &#8220;Gra\u00e7as a Deus o terremoto n\u00e3o durou muito. Foram cerca de 20 segundos. No 10\u00ba andar foi um pesadelo. N\u00e3o lembro de ter sentido um mais forte do que este&#8221;, afirmou Agim, que tem 67 anos.<\/p>\n<div class=\"mc-column content-text active-extra-styles \" style=\"text-align: justify;\" data-block-type=\"unstyled\" data-block-weight=\"47\" data-block-id=\"10\">\n<p class=\"content-text__container \" data-track-category=\"Link no Texto\" data-track-links=\"\">Na regi\u00e3o de Tirana, 48 casas e tr\u00eas pr\u00e9dios residenciais ficaram com grandes rachaduras. Na regi\u00e3o de Durres, 42 casas e quatro edif\u00edcios foram prejudicados, segundo a ministra da defesa, Olta Xhacka. &#8220;O mais importante \u00e9 que nenhuma vida foi perdida&#8221;, ela afirmou, em coletiva de imprensa.<\/p>\n<\/div>\n<div class=\"mc-column content-text active-extra-styles \" style=\"text-align: justify;\" data-block-type=\"unstyled\" data-block-weight=\"24\" data-block-id=\"11\">\n<p class=\"content-text__container \" data-track-category=\"Link no Texto\" data-track-links=\"\">Em outras \u00e1reas, houve danos em 20 edifica\u00e7\u00f5es. A ministra explicou, ainda, que n\u00e3o houve danos a po\u00e7os de petr\u00f3leo da regi\u00e3o de Fier.<\/p>\n<\/div>\n<div class=\"mc-column content-text active-extra-styles \" data-block-type=\"unstyled\" data-block-weight=\"32\" data-block-id=\"12\">\n<p class=\"content-text__container \" style=\"text-align: justify;\" data-track-category=\"Link no Texto\" data-track-links=\"\">O Servi\u00e7o Geol\u00f3gico dos Estados Unidos mediu a magnitude do terremoto inicialmente em 5,6, mas o Instituto Alban\u00eas de Geoci\u00eancia falou em 5,8, com r\u00e9plicas observadas 11 minutos depois, de intensidade 5,3.<\/p>\n<p data-track-category=\"Link no Texto\" data-track-links=\"\"><img loading=\"lazy\" decoding=\"async\" class=\"alignnone size-full wp-image-6875\" src=\"https:\/\/jorgezanoni.com.br\/2019\/wp-content\/uploads\/2019\/09\/albania-t.jpg\" alt=\"\" width=\"1600\" height=\"1521\" srcset=\"https:\/\/jorgezanoni.com.br\/2019\/wp-content\/uploads\/2019\/09\/albania-t.jpg 1600w, https:\/\/jorgezanoni.com.br\/2019\/wp-content\/uploads\/2019\/09\/albania-t-300x285.jpg 300w, https:\/\/jorgezanoni.com.br\/2019\/wp-content\/uploads\/2019\/09\/albania-t-768x730.jpg 768w, https:\/\/jorgezanoni.com.br\/2019\/wp-content\/uploads\/2019\/09\/albania-t-1024x973.jpg 1024w, https:\/\/jorgezanoni.com.br\/2019\/wp-content\/uploads\/2019\/09\/albania-t-696x662.jpg 696w, https:\/\/jorgezanoni.com.br\/2019\/wp-content\/uploads\/2019\/09\/albania-t-1068x1015.jpg 1068w, https:\/\/jorgezanoni.com.br\/2019\/wp-content\/uploads\/2019\/09\/albania-t-442x420.jpg 442w\" sizes=\"auto, (max-width: 1600px) 100vw, 1600px\" \/> <img loading=\"lazy\" decoding=\"async\" class=\"alignnone size-full wp-image-6876\" src=\"https:\/\/jorgezanoni.com.br\/2019\/wp-content\/uploads\/2019\/09\/albania.jpg\" alt=\"\" width=\"1600\" height=\"1051\" srcset=\"https:\/\/jorgezanoni.com.br\/2019\/wp-content\/uploads\/2019\/09\/albania.jpg 1600w, https:\/\/jorgezanoni.com.br\/2019\/wp-content\/uploads\/2019\/09\/albania-300x197.jpg 300w, https:\/\/jorgezanoni.com.br\/2019\/wp-content\/uploads\/2019\/09\/albania-768x504.jpg 768w, https:\/\/jorgezanoni.com.br\/2019\/wp-content\/uploads\/2019\/09\/albania-1024x673.jpg 1024w, https:\/\/jorgezanoni.com.br\/2019\/wp-content\/uploads\/2019\/09\/albania-696x457.jpg 696w, https:\/\/jorgezanoni.com.br\/2019\/wp-content\/uploads\/2019\/09\/albania-741x486.jpg 741w, https:\/\/jorgezanoni.com.br\/2019\/wp-content\/uploads\/2019\/09\/albania-1068x702.jpg 1068w, https:\/\/jorgezanoni.com.br\/2019\/wp-content\/uploads\/2019\/09\/albania-639x420.jpg 639w\" sizes=\"auto, (max-width: 1600px) 100vw, 1600px\" \/> <img loading=\"lazy\" decoding=\"async\" class=\"alignnone size-full wp-image-6877\" src=\"https:\/\/jorgezanoni.com.br\/2019\/wp-content\/uploads\/2019\/09\/albania-terremoto-1.jpg\" alt=\"\" width=\"1600\" height=\"1052\" srcset=\"https:\/\/jorgezanoni.com.br\/2019\/wp-content\/uploads\/2019\/09\/albania-terremoto-1.jpg 1600w, https:\/\/jorgezanoni.com.br\/2019\/wp-content\/uploads\/2019\/09\/albania-terremoto-1-300x197.jpg 300w, https:\/\/jorgezanoni.com.br\/2019\/wp-content\/uploads\/2019\/09\/albania-terremoto-1-768x505.jpg 768w, https:\/\/jorgezanoni.com.br\/2019\/wp-content\/uploads\/2019\/09\/albania-terremoto-1-1024x673.jpg 1024w, https:\/\/jorgezanoni.com.br\/2019\/wp-content\/uploads\/2019\/09\/albania-terremoto-1-696x458.jpg 696w, https:\/\/jorgezanoni.com.br\/2019\/wp-content\/uploads\/2019\/09\/albania-terremoto-1-741x486.jpg 741w, https:\/\/jorgezanoni.com.br\/2019\/wp-content\/uploads\/2019\/09\/albania-terremoto-1-1068x702.jpg 1068w, https:\/\/jorgezanoni.com.br\/2019\/wp-content\/uploads\/2019\/09\/albania-terremoto-1-639x420.jpg 639w\" sizes=\"auto, (max-width: 1600px) 100vw, 1600px\" \/><\/p>\n<p style=\"text-align: justify;\" data-track-category=\"Link no Texto\" data-track-links=\"\">Fonte: https:\/\/g1.globo.com\/mundo\/noticia\/2019\/09\/21\/terremoto-atinge-a-albania-e-deixa-dezenas-de-feridos.ghtml<\/p>\n<\/div>\n<\/div>\n<\/div>\n<\/div>\n","protected":false},"excerpt":{"rendered":"<p>Tremores foram sentidos nos arredores da capital do pa\u00eds e alcan\u00e7aram magnitude 5,6. Segundo as autoridades, n\u00e3o h\u00e1 mortes at\u00e9 o momento. Um terremoto atingiu a\u00a0Alb\u00e2nia\u00a0neste s\u00e1bado (21), deixando mais de 40 feridos, segundo a imprensa local. Os tremores foram registrados nos arredores da capital do pa\u00eds, Tirana, e alcan\u00e7aram magnitude 5,6. De acordo com [&hellip;]<\/p>\n","protected":false},"author":1,"featured_media":6879,"comment_status":"closed","ping_status":"open","sticky":false,"template":"","format":"standard","meta":{"footnotes":""},"categories":[114,110],"tags":[],"class_list":["post-6874","post","type-post","status-publish","format-standard","has-post-thumbnail","hentry","category-geralecomercio","category-noticiasdestaque"],"_links":{"self":[{"href":"https:\/\/jorgezanoni.com.br\/2019\/wp-json\/wp\/v2\/posts\/6874","targetHints":{"allow":["GET"]}}],"collection":[{"href":"https:\/\/jorgezanoni.com.br\/2019\/wp-json\/wp\/v2\/posts"}],"about":[{"href":"https:\/\/jorgezanoni.com.br\/2019\/wp-json\/wp\/v2\/types\/post"}],"author":[{"embeddable":true,"href":"https:\/\/jorgezanoni.com.br\/2019\/wp-json\/wp\/v2\/users\/1"}],"replies":[{"embeddable":true,"href":"https:\/\/jorgezanoni.com.br\/2019\/wp-json\/wp\/v2\/comments?post=6874"}],"version-history":[{"count":0,"href":"https:\/\/jorgezanoni.com.br\/2019\/wp-json\/wp\/v2\/posts\/6874\/revisions"}],"wp:featuredmedia":[{"embeddable":true,"href":"https:\/\/jorgezanoni.com.br\/2019\/wp-json\/wp\/v2\/media\/6879"}],"wp:attachment":[{"href":"https:\/\/jorgezanoni.com.br\/2019\/wp-json\/wp\/v2\/media?parent=6874"}],"wp:term":[{"taxonomy":"category","embeddable":true,"href":"https:\/\/jorgezanoni.com.br\/2019\/wp-json\/wp\/v2\/categories?post=6874"},{"taxonomy":"post_tag","embeddable":true,"href":"https:\/\/jorgezanoni.com.br\/2019\/wp-json\/wp\/v2\/tags?post=6874"}],"curies":[{"name":"wp","href":"https:\/\/api.w.org\/{rel}","templated":true}]}}