{"id":6871,"date":"2019-09-21T21:37:21","date_gmt":"2019-09-21T21:37:21","guid":{"rendered":"https:\/\/jorgezanoni.com.br\/2019\/?p=6871"},"modified":"2019-09-21T21:37:21","modified_gmt":"2019-09-21T21:37:21","slug":"tres-medicos-de-campinas-morrem-em-grave-acidente-em-mg","status":"publish","type":"post","link":"https:\/\/jorgezanoni.com.br\/2019\/tres-medicos-de-campinas-morrem-em-grave-acidente-em-mg\/","title":{"rendered":"Tr\u00eas m\u00e9dicos de Campinas morrem em grave acidente em MG"},"content":{"rendered":"<div id=\"id_5d86972a3982f7245038785\" class=\"text_exposed_root text_exposed\" style=\"text-align: justify;\">TR\u00caS M\u00c9DICOS DE CAMPINAS MORREM EM GRAVE ACIDENTE EM MG<\/p>\n<p>Uma colis\u00e3o frontal entre uma carreta bitrem e um carro deixou tr\u00eas pessoas mortas na tarde desta sexta-feira (20), no km 67 da MG-190, em Ira\u00ed de Minas, no Tri\u00e2ngulo.<\/p>\n<p>Segundo a Pol\u00edcia Militar Rodovi\u00e1ria, o motorista da carreta contou que o Honda Civic, com placa de Campinas, em S\u00e3o Paulo, precisou desviar do fogo, que atingia uma vegeta\u00e7<span class=\"text_exposed_show\">\u00e3o \u00e0s margens da rodovia. Para isso, o carro invadiu a contram\u00e3o e bateu de frente. Ele tamb\u00e9m contou que havia uma cortina de fuma\u00e7a que cobria a pista no momento do acidente.<\/p>\n<p>O Corpo de Bombeiros e o Servi\u00e7o de Atendimento M\u00f3vel de Urg\u00eancia (Samu) compareceram ao local, mas as v\u00edtimas j\u00e1 estavam sem vida. O motorista da carreta n\u00e3o teve les\u00f5es.<\/p>\n<p>A per\u00edcia da Pol\u00edcia Civil realizou o trabalho de identifica\u00e7\u00e3o das v\u00edtimas. Morreram dois homens, T. C. A., de 34 anos, e R. C. C., de 32. Uma mulher tamb\u00e9m veio \u00e0 \u00f3bito na hora. G. R. V. tinha 35 anos.<\/p>\n<p>Os familiares informaram que todos eles eram m\u00e9dicos, e estavam indo de Campinas para Paracatu, na regi\u00e3o Noroeste de Minas. Os corpos foram encaminhados para o Instituto M\u00e9dico Legal (IML) de Patroc\u00ednio, no Tri\u00e2ngulo Mineiro.<\/span><\/div>\n<p style=\"text-align: justify;\"><span id=\"fbPhotoSnowliftTagList\" class=\"fbPhotoTagList\"><span class=\"fcg\">Fonte:\u00a0 <span class=\"fbPhotoTagListTag tagItem\"><a class=\"taggee\" href=\"https:\/\/www.facebook.com\/ativa.mombuca.56\" data-tag=\"100020845819605\" data-hovercard=\"\/ajax\/hovercard\/hovercard.php?id=100020845819605&amp;type=mediatag&amp;media_info=6.846218172442344\" data-hovercard-prefer-more-content-show=\"1\">Ativa Josias Silva<\/a><\/span>\u00a0em\u00a0<span class=\"fbPhotoTagListTag withTagItem tagItem\"><a class=\"taggee\" href=\"https:\/\/www.facebook.com\/pages\/Ativa-FM\/597339156985007\" data-hovercard=\"\/ajax\/hovercard\/page.php?id=597339156985007\" data-hovercard-prefer-more-content-show=\"1\">Ativa FM<\/a><\/span><\/span><\/span><\/p>\n","protected":false},"excerpt":{"rendered":"<p>TR\u00caS M\u00c9DICOS DE CAMPINAS MORREM EM GRAVE ACIDENTE EM MG Uma colis\u00e3o frontal entre uma carreta bitrem e um carro deixou tr\u00eas pessoas mortas na tarde desta sexta-feira (20), no km 67 da MG-190, em Ira\u00ed de Minas, no Tri\u00e2ngulo. Segundo a Pol\u00edcia Militar Rodovi\u00e1ria, o motorista da carreta contou que o Honda Civic, com [&hellip;]<\/p>\n","protected":false},"author":1,"featured_media":6872,"comment_status":"closed","ping_status":"open","sticky":false,"template":"","format":"standard","meta":{"footnotes":""},"categories":[170,110],"tags":[],"class_list":["post-6871","post","type-post","status-publish","format-standard","has-post-thumbnail","hentry","category-acidentes","category-noticiasdestaque"],"_links":{"self":[{"href":"https:\/\/jorgezanoni.com.br\/2019\/wp-json\/wp\/v2\/posts\/6871","targetHints":{"allow":["GET"]}}],"collection":[{"href":"https:\/\/jorgezanoni.com.br\/2019\/wp-json\/wp\/v2\/posts"}],"about":[{"href":"https:\/\/jorgezanoni.com.br\/2019\/wp-json\/wp\/v2\/types\/post"}],"author":[{"embeddable":true,"href":"https:\/\/jorgezanoni.com.br\/2019\/wp-json\/wp\/v2\/users\/1"}],"replies":[{"embeddable":true,"href":"https:\/\/jorgezanoni.com.br\/2019\/wp-json\/wp\/v2\/comments?post=6871"}],"version-history":[{"count":0,"href":"https:\/\/jorgezanoni.com.br\/2019\/wp-json\/wp\/v2\/posts\/6871\/revisions"}],"wp:featuredmedia":[{"embeddable":true,"href":"https:\/\/jorgezanoni.com.br\/2019\/wp-json\/wp\/v2\/media\/6872"}],"wp:attachment":[{"href":"https:\/\/jorgezanoni.com.br\/2019\/wp-json\/wp\/v2\/media?parent=6871"}],"wp:term":[{"taxonomy":"category","embeddable":true,"href":"https:\/\/jorgezanoni.com.br\/2019\/wp-json\/wp\/v2\/categories?post=6871"},{"taxonomy":"post_tag","embeddable":true,"href":"https:\/\/jorgezanoni.com.br\/2019\/wp-json\/wp\/v2\/tags?post=6871"}],"curies":[{"name":"wp","href":"https:\/\/api.w.org\/{rel}","templated":true}]}}