{"id":6868,"date":"2019-09-21T19:53:56","date_gmt":"2019-09-21T19:53:56","guid":{"rendered":"https:\/\/jorgezanoni.com.br\/2019\/?p=6868"},"modified":"2019-09-21T19:53:56","modified_gmt":"2019-09-21T19:53:56","slug":"camara-aprova-abertura-de-investigacao-contra-o-prefeito-de-osvaldo-cruz","status":"publish","type":"post","link":"https:\/\/jorgezanoni.com.br\/2019\/camara-aprova-abertura-de-investigacao-contra-o-prefeito-de-osvaldo-cruz\/","title":{"rendered":"C\u00e2mara aprova abertura de investiga\u00e7\u00e3o contra o prefeito de Osvaldo Cruz"},"content":{"rendered":"<p style=\"text-align: justify;\">A C\u00e2mara de Osvaldo Cruz aprovou a abertura de Comiss\u00e3o Especial de Inqu\u00e9rito (CEI) contra o prefeito Edmar Mazucato (PSDB) por suposto ato de improbidade administrativa em raz\u00e3o descumprimento de lei municipal n\u00ba 2.326\/2002, que recentemente foi alterada por uma proposta do vereador Roberto Amor Lhana do PV para dar prazo de 24 horas a quem abrir buracos pela cidade, em ter a obriga\u00e7\u00e3o de tap\u00e1-los.<\/p>\n<p style=\"text-align: justify;\">O pedido de abertura de investiga\u00e7\u00e3o foi formulado pelos vereadores Roberto Amor (autor da Lei) e F\u00e1bio Bertassi (Palha\u00e7o Parafina) \u2013 ambos do PV; Roberto Pazotto (PP) e Valdemir Anselmo (MDB).<\/p>\n<p style=\"text-align: justify;\">O presidente da C\u00e2mara, Homero Massarente (MDB), acolheu a proposta e designou os membros da comiss\u00e3o que ter\u00e3o 45 dias para apreciar a den\u00fancia e apresentar um relat\u00f3rio. Os vereadores nomeados para os trabalhos s\u00e3o Adenilson Barbosa (Exclusivo) (PDT), Roberto Amor Lhana (PV) e Valdemir Anselmo (MDB) \u2013 por\u00e9m este \u00faltimo pediu para n\u00e3o participar.<\/p>\n<p style=\"text-align: justify;\">A mesma den\u00fancia j\u00e1 est\u00e1 como objeto de uma a\u00e7\u00e3o do Minist\u00e9rio P\u00fablico de Osvaldo Cruz contra o munic\u00edpio de Osvaldo Cruz, representado pelo prefeito Mazucato. Pela falta de fiscaliza\u00e7\u00e3o, entende o promotor Owen Miuki Fujiki, que o prefeito incorre em improbidade administrativa. J\u00e1 o munic\u00edpio defende que a proposta do vereador Roberto Amor Lhana \u00e9 inconstitucional, tanto que \u00e9 objeto de uma a\u00e7\u00e3o declarat\u00f3ria ainda sem senten\u00e7a.<\/p>\n<p style=\"text-align: justify;\"><em>Fonte: OCNET)<\/em><\/p>\n","protected":false},"excerpt":{"rendered":"<p>A C\u00e2mara de Osvaldo Cruz aprovou a abertura de Comiss\u00e3o Especial de Inqu\u00e9rito (CEI) contra o prefeito Edmar Mazucato (PSDB) por suposto ato de improbidade administrativa em raz\u00e3o descumprimento de lei municipal n\u00ba 2.326\/2002, que recentemente foi alterada por uma proposta do vereador Roberto Amor Lhana do PV para dar prazo de 24 horas a [&hellip;]<\/p>\n","protected":false},"author":1,"featured_media":6869,"comment_status":"closed","ping_status":"open","sticky":false,"template":"","format":"standard","meta":{"footnotes":""},"categories":[110,116],"tags":[],"class_list":["post-6868","post","type-post","status-publish","format-standard","has-post-thumbnail","hentry","category-noticiasdestaque","category-politicaeeconomia"],"_links":{"self":[{"href":"https:\/\/jorgezanoni.com.br\/2019\/wp-json\/wp\/v2\/posts\/6868","targetHints":{"allow":["GET"]}}],"collection":[{"href":"https:\/\/jorgezanoni.com.br\/2019\/wp-json\/wp\/v2\/posts"}],"about":[{"href":"https:\/\/jorgezanoni.com.br\/2019\/wp-json\/wp\/v2\/types\/post"}],"author":[{"embeddable":true,"href":"https:\/\/jorgezanoni.com.br\/2019\/wp-json\/wp\/v2\/users\/1"}],"replies":[{"embeddable":true,"href":"https:\/\/jorgezanoni.com.br\/2019\/wp-json\/wp\/v2\/comments?post=6868"}],"version-history":[{"count":0,"href":"https:\/\/jorgezanoni.com.br\/2019\/wp-json\/wp\/v2\/posts\/6868\/revisions"}],"wp:featuredmedia":[{"embeddable":true,"href":"https:\/\/jorgezanoni.com.br\/2019\/wp-json\/wp\/v2\/media\/6869"}],"wp:attachment":[{"href":"https:\/\/jorgezanoni.com.br\/2019\/wp-json\/wp\/v2\/media?parent=6868"}],"wp:term":[{"taxonomy":"category","embeddable":true,"href":"https:\/\/jorgezanoni.com.br\/2019\/wp-json\/wp\/v2\/categories?post=6868"},{"taxonomy":"post_tag","embeddable":true,"href":"https:\/\/jorgezanoni.com.br\/2019\/wp-json\/wp\/v2\/tags?post=6868"}],"curies":[{"name":"wp","href":"https:\/\/api.w.org\/{rel}","templated":true}]}}