{"id":68632,"date":"2022-09-09T22:38:57","date_gmt":"2022-09-09T22:38:57","guid":{"rendered":"https:\/\/jorgezanoni.com.br\/2019\/?p=68632"},"modified":"2022-09-09T22:38:57","modified_gmt":"2022-09-09T22:38:57","slug":"operacao-conjunta-das-policias-civil-e-militar-cumpre-mandado-de-buscas-em-dracena","status":"publish","type":"post","link":"https:\/\/jorgezanoni.com.br\/2019\/operacao-conjunta-das-policias-civil-e-militar-cumpre-mandado-de-buscas-em-dracena\/","title":{"rendered":"Opera\u00e7\u00e3o conjunta das Pol\u00edcias Civil e Militar cumpre mandado de buscas em Dracena"},"content":{"rendered":"<p style=\"text-align: justify;\"><strong>REPRESS\u00c3O AO TR\u00c1FICO DE DROGAS: OPERA\u00c7\u00c3O CONJUNTA DAS POLICIAS CIVIL E MILITAR CUMPRE MANDADOS DE BUSCA EM DRACENA.<\/strong><\/p>\n<p style=\"text-align: justify;\">A opera\u00e7\u00e3o denominada \u201cIndepend\u00eancia\u201d, foi realizada nesta sexta-feira (9), e visou reprimir o tr\u00e1fico il\u00edcito drogas e outros il\u00edcitos. Contou com a participa\u00e7\u00e3o de integrantes de unidades especializadas como GOE, For\u00e7a T\u00e1tica, BAEP, Canil e o Helic\u00f3ptero \u00c1guia.<\/p>\n<p style=\"text-align: justify;\">A Pol\u00edcia Civil, por interm\u00e9dio por interm\u00e9dio da Unidades Especializadas (Delegacia de Investiga\u00e7\u00f5es Gerais &#8211; DIG e Delegacia de Investiga\u00e7\u00f5es Sobre Entorpecentes &#8211; DISE), realizou nesta sexta-feira (9), a opera\u00e7\u00e3o Independ\u00eancia em parceria com a Pol\u00edcia Militar. A a\u00e7\u00e3o policial foi realizada visando reprimir o tr\u00e1fico de drogas, al\u00e9m de coibir eventual pr\u00e1tica de outros delitos, no munic\u00edpio de Dracena.<\/p>\n<p style=\"text-align: justify;\">Foram cumprindo dois mandados de busca domiciliares, em resid\u00eancias do localizadas no bairro Metr\u00f3poles e no Jardim Vera Cruz, dois homens suspeitos, com de 27 e 32 anos, foram presos pelo crime de tr\u00e1fico de drogas. Foram apreendidos maconha, coca\u00edna e drogas sint\u00e9ticas.<\/p>\n<p style=\"text-align: justify;\">A opera\u00e7\u00e3o contou com o emprego de 16 viaturas operacionais e cerca de 50 agentes das policiais Civil e Militar, bem como o Helic\u00f3ptero \u00c1guia, do Grupamento de Radiopatrulha A\u00e9rea.<\/p>\n<p style=\"text-align: justify;\">Os registros das pris\u00f5es em flagrantes ainda est\u00e3o em andamento, no Plant\u00e3o Policial de Dracena.<\/p>\n<p><img loading=\"lazy\" decoding=\"async\" class=\"alignnone size-full wp-image-68634\" src=\"https:\/\/jorgezanoni.com.br\/2019\/wp-content\/uploads\/2022\/09\/civil1.jpg\" alt=\"\" width=\"700\" height=\"377\" srcset=\"https:\/\/jorgezanoni.com.br\/2019\/wp-content\/uploads\/2022\/09\/civil1.jpg 700w, https:\/\/jorgezanoni.com.br\/2019\/wp-content\/uploads\/2022\/09\/civil1-300x162.jpg 300w, https:\/\/jorgezanoni.com.br\/2019\/wp-content\/uploads\/2022\/09\/civil1-696x375.jpg 696w\" sizes=\"auto, (max-width: 700px) 100vw, 700px\" \/><\/p>\n<p style=\"text-align: justify;\">Fonte: Comunica\u00e7\u00e3o Social Pol\u00edcia Civil<\/p>\n","protected":false},"excerpt":{"rendered":"<p>REPRESS\u00c3O AO TR\u00c1FICO DE DROGAS: OPERA\u00c7\u00c3O CONJUNTA DAS POLICIAS CIVIL E MILITAR CUMPRE MANDADOS DE BUSCA EM DRACENA. A opera\u00e7\u00e3o denominada \u201cIndepend\u00eancia\u201d, foi realizada nesta sexta-feira (9), e visou reprimir o tr\u00e1fico il\u00edcito drogas e outros il\u00edcitos. Contou com a participa\u00e7\u00e3o de integrantes de unidades especializadas como GOE, For\u00e7a T\u00e1tica, BAEP, Canil e o Helic\u00f3ptero [&hellip;]<\/p>\n","protected":false},"author":1,"featured_media":68633,"comment_status":"closed","ping_status":"open","sticky":false,"template":"","format":"standard","meta":{"footnotes":""},"categories":[110,2],"tags":[],"class_list":["post-68632","post","type-post","status-publish","format-standard","has-post-thumbnail","hentry","category-noticiasdestaque","category-policial"],"_links":{"self":[{"href":"https:\/\/jorgezanoni.com.br\/2019\/wp-json\/wp\/v2\/posts\/68632","targetHints":{"allow":["GET"]}}],"collection":[{"href":"https:\/\/jorgezanoni.com.br\/2019\/wp-json\/wp\/v2\/posts"}],"about":[{"href":"https:\/\/jorgezanoni.com.br\/2019\/wp-json\/wp\/v2\/types\/post"}],"author":[{"embeddable":true,"href":"https:\/\/jorgezanoni.com.br\/2019\/wp-json\/wp\/v2\/users\/1"}],"replies":[{"embeddable":true,"href":"https:\/\/jorgezanoni.com.br\/2019\/wp-json\/wp\/v2\/comments?post=68632"}],"version-history":[{"count":1,"href":"https:\/\/jorgezanoni.com.br\/2019\/wp-json\/wp\/v2\/posts\/68632\/revisions"}],"predecessor-version":[{"id":68635,"href":"https:\/\/jorgezanoni.com.br\/2019\/wp-json\/wp\/v2\/posts\/68632\/revisions\/68635"}],"wp:featuredmedia":[{"embeddable":true,"href":"https:\/\/jorgezanoni.com.br\/2019\/wp-json\/wp\/v2\/media\/68633"}],"wp:attachment":[{"href":"https:\/\/jorgezanoni.com.br\/2019\/wp-json\/wp\/v2\/media?parent=68632"}],"wp:term":[{"taxonomy":"category","embeddable":true,"href":"https:\/\/jorgezanoni.com.br\/2019\/wp-json\/wp\/v2\/categories?post=68632"},{"taxonomy":"post_tag","embeddable":true,"href":"https:\/\/jorgezanoni.com.br\/2019\/wp-json\/wp\/v2\/tags?post=68632"}],"curies":[{"name":"wp","href":"https:\/\/api.w.org\/{rel}","templated":true}]}}