{"id":68616,"date":"2022-09-09T11:46:12","date_gmt":"2022-09-09T11:46:12","guid":{"rendered":"https:\/\/jorgezanoni.com.br\/2019\/?p=68616"},"modified":"2022-09-09T11:46:12","modified_gmt":"2022-09-09T11:46:12","slug":"hoje-e-o-dia-do-medico-veterinario","status":"publish","type":"post","link":"https:\/\/jorgezanoni.com.br\/2019\/hoje-e-o-dia-do-medico-veterinario\/","title":{"rendered":"Hoje \u00e9 o &#8220;Dia do M\u00e9dico Veterin\u00e1rio&#8221;"},"content":{"rendered":"<p style=\"text-align: justify;\">O\u00a0<strong>Dia do M\u00e9dico Veterin\u00e1rio\u00a0<\/strong>ou\u00a0<strong>Dia do Veterin\u00e1rio<\/strong>\u00a0\u00e9 comemorado anualmente em 9 de setembro, porque foi exatamente nessa data, no ano de 1933 que foi assinado o decreto que regularizou a profiss\u00e3o e o ensino da medicina veterin\u00e1ria no pa\u00eds.<\/p>\n<p style=\"text-align: justify;\">Os cursos de medicina veterin\u00e1rias j\u00e1 existiam desde 1910, no entanto, a sua oficializa\u00e7\u00e3o aconteceu apenas em 9 de setembro de 1933, atrav\u00e9s do Decreto 23.133 assinado pelo ent\u00e3o presidente Get\u00falio Vargas.<\/p>\n<p style=\"text-align: justify;\">Por isso, esta data celebra a a\u00e7\u00e3o dos profissionais respons\u00e1veis por cuidar da sa\u00fade dos animais, tanto bichinhos de estima\u00e7\u00e3o, como gatos e c\u00e3es, ou animais selvagens, como le\u00f5es e on\u00e7as.<\/p>\n<p style=\"text-align: justify;\">Os veterin\u00e1rios tamb\u00e9m ajudam a diminuir a propaga\u00e7\u00e3o de doen\u00e7as transmitidas por animais para os seres humanos. Em outras palavras, al\u00e9m da sa\u00fade dos animais, o m\u00e9dico veterin\u00e1rio auxilia na preserva\u00e7\u00e3o da sa\u00fade p\u00fablica.<\/p>\n<p style=\"text-align: justify;\">Internacionalmente, o Dia Mundial da Medicina Veterin\u00e1ria \u00e9 comemorado no \u00faltimo s\u00e1bado do m\u00eas de abril.<\/p>\n<h2 style=\"text-align: justify;\">Mensagens para o dia do m\u00e9dico veterin\u00e1rio<\/h2>\n<p style=\"text-align: justify;\"><em><img loading=\"lazy\" decoding=\"async\" src=\"https:\/\/s.calendarr.com\/upload\/datas\/ho\/me\/homenagem-para-dia-do-veterinario.jpg?auto_optimize=low&amp;width=640\" alt=\"Homenagem para o dia do veterin\u00e1rio\" width=\"655\" height=\"500\" \/><\/em><\/p>\n<p style=\"text-align: justify;\"><strong>1<\/strong>. Obrigada por cuidar t\u00e3o bem do meu melhor amigo. Feliz dia do veterin\u00e1rio!<\/p>\n<p style=\"text-align: justify;\"><strong>2<\/strong>. Ser veterin\u00e1rio \u00e9 cuidar da sa\u00fade dos animais e sobretudo am\u00e1-los. Que o amor que voc\u00ea dedica aos animais, lhe seja recompensado. Parab\u00e9ns pelo seu dia!<\/p>\n<p style=\"text-align: justify;\"><strong>3<\/strong>. Hoje \u00e9 Dia do Veterin\u00e1rio\u2026 Dia de homenagear os \u201cher\u00f3is\u201d que socorrem nossos bichinhos de estima\u00e7\u00e3o quando eles mais precisam! O carinho, dedica\u00e7\u00e3o e empenho dos veterin\u00e1rios \u00e9 essencial para garantir um bom trabalho. Obrigado, querido veterin\u00e1rio, por ser um exemplo de profissional!<\/p>\n<p style=\"text-align: justify;\"><strong>4.<\/strong>\u00a0Hoje homenageamos aquele que com tanto zelo cuida da sa\u00fade dos nossos bichinhos. Agradecemos pela sua dedica\u00e7\u00e3o e por podermos contar com algu\u00e9m que trabalha com tanto amor.<\/p>\n<p style=\"text-align: justify;\"><strong>5.<\/strong>\u00a0No Dia do M\u00e9dico Veterin\u00e1rio reconhecemos a import\u00e2ncia desse profissional que cuida e valoriza todas as formas de vida.<\/p>\n<p style=\"text-align: justify;\">Fonte: https:\/\/www.calendarr.com\/brasil\/dia-do-medico-veterinario\/<\/p>\n","protected":false},"excerpt":{"rendered":"<p>O\u00a0Dia do M\u00e9dico Veterin\u00e1rio\u00a0ou\u00a0Dia do Veterin\u00e1rio\u00a0\u00e9 comemorado anualmente em 9 de setembro, porque foi exatamente nessa data, no ano de 1933 que foi assinado o decreto que regularizou a profiss\u00e3o e o ensino da medicina veterin\u00e1ria no pa\u00eds. Os cursos de medicina veterin\u00e1rias j\u00e1 existiam desde 1910, no entanto, a sua oficializa\u00e7\u00e3o aconteceu apenas em [&hellip;]<\/p>\n","protected":false},"author":1,"featured_media":68617,"comment_status":"closed","ping_status":"open","sticky":false,"template":"","format":"standard","meta":{"footnotes":""},"categories":[110,122],"tags":[],"class_list":["post-68616","post","type-post","status-publish","format-standard","has-post-thumbnail","hentry","category-noticiasdestaque","category-saudeeducacaoeconcurso"],"_links":{"self":[{"href":"https:\/\/jorgezanoni.com.br\/2019\/wp-json\/wp\/v2\/posts\/68616","targetHints":{"allow":["GET"]}}],"collection":[{"href":"https:\/\/jorgezanoni.com.br\/2019\/wp-json\/wp\/v2\/posts"}],"about":[{"href":"https:\/\/jorgezanoni.com.br\/2019\/wp-json\/wp\/v2\/types\/post"}],"author":[{"embeddable":true,"href":"https:\/\/jorgezanoni.com.br\/2019\/wp-json\/wp\/v2\/users\/1"}],"replies":[{"embeddable":true,"href":"https:\/\/jorgezanoni.com.br\/2019\/wp-json\/wp\/v2\/comments?post=68616"}],"version-history":[{"count":1,"href":"https:\/\/jorgezanoni.com.br\/2019\/wp-json\/wp\/v2\/posts\/68616\/revisions"}],"predecessor-version":[{"id":68618,"href":"https:\/\/jorgezanoni.com.br\/2019\/wp-json\/wp\/v2\/posts\/68616\/revisions\/68618"}],"wp:featuredmedia":[{"embeddable":true,"href":"https:\/\/jorgezanoni.com.br\/2019\/wp-json\/wp\/v2\/media\/68617"}],"wp:attachment":[{"href":"https:\/\/jorgezanoni.com.br\/2019\/wp-json\/wp\/v2\/media?parent=68616"}],"wp:term":[{"taxonomy":"category","embeddable":true,"href":"https:\/\/jorgezanoni.com.br\/2019\/wp-json\/wp\/v2\/categories?post=68616"},{"taxonomy":"post_tag","embeddable":true,"href":"https:\/\/jorgezanoni.com.br\/2019\/wp-json\/wp\/v2\/tags?post=68616"}],"curies":[{"name":"wp","href":"https:\/\/api.w.org\/{rel}","templated":true}]}}