{"id":6861,"date":"2019-09-21T18:28:13","date_gmt":"2019-09-21T18:28:13","guid":{"rendered":"https:\/\/jorgezanoni.com.br\/2019\/?p=6861"},"modified":"2019-09-21T18:28:13","modified_gmt":"2019-09-21T18:28:13","slug":"profissionais-do-radio-comemoram-o-dia-do-radialista-neste-sabado-21","status":"publish","type":"post","link":"https:\/\/jorgezanoni.com.br\/2019\/profissionais-do-radio-comemoram-o-dia-do-radialista-neste-sabado-21\/","title":{"rendered":"Profissionais do R\u00e1dio comemoram o Dia do Radialista neste s\u00e1bado (21)"},"content":{"rendered":"<p><strong>S\u00e3o Paulo \u2013 Data teve in\u00edcio no Governo de Get\u00falio Vargas.<\/strong><\/p>\n<p style=\"text-align: justify;\">Assim como nos anos anteriores muitos radialistas est\u00e3o comemorando o dia da sua profiss\u00e3o neste s\u00e1bado. A data 21 de setembro ficou conhecida no meio radiof\u00f4nico como Dia do Radialista, por\u00e9m uma lei alterou a data de comemora\u00e7\u00e3o oficial da categoria, passando para 7 de novembro.<\/p>\n<div id=\"pubtexto\" style=\"text-align: justify;\">\n<p>A hist\u00f3ria do Dia do Radialista teve in\u00edcio em 1943, no Governo Get\u00falio Vargas. O ent\u00e3o presidente sancionou uma Lei com a qual fixava um piso salarial, ou remunera\u00e7\u00e3o m\u00ednima para os profissionais da categoria.<\/p>\n<\/div>\n<p style=\"text-align: justify;\">\u201cConsta que numa reuni\u00e3o realizada na R\u00e1dio Nacional teria sido decidida a escolha da data do referido decreto Lei, 21 de setembro, como refer\u00eancia para se comemorar o Dia do Radialista. Na primeira comemora\u00e7\u00e3o, todas as emissoras do Rio de Janeiro silenciaram. Os profissionais foram \u00e0 rua participar de uma gincana com corridas de calhambeques e foi servido um churrasco na Quinta da Boa Vista\u201d, informa a professora de radiojornalismo e pesquisadora D\u00e9bora Lopez.<\/p>\n<p style=\"text-align: justify;\">Com uma mudan\u00e7a imposta por uma lei federal em 2006 sancionada pelo ex-presidente Lula, os radialistas passaram a ter duas datas para comemorar, al\u00e9m do tradicional Dia do R\u00e1dio (25 de setembro). O dia 21 de setembro virou uma data simb\u00f3lica e 7 de novembro a oficial. A mudan\u00e7a aconteceu em decorr\u00eancia a uma homenagem ao m\u00fasico e radialista Ary Barroso.<\/p>\n<p style=\"text-align: justify;\">De qualquer forma, a equipe do tudoradio.com parabeniza hoje todos os radialistas desse pa\u00eds, assim como faremos novamente no dia 7 de novembro. S\u00e3o duas datas especiais para os profissionais que movem essa paix\u00e3o pelo r\u00e1dio.<\/p>\n<p style=\"text-align: justify;\">Fonte: https:\/\/tudoradio.com\/noticias\/ver\/22272-profissionais-do-radio-comemoram-o-dia-do-radialista-neste-sabado-21<\/p>\n","protected":false},"excerpt":{"rendered":"<p>S\u00e3o Paulo \u2013 Data teve in\u00edcio no Governo de Get\u00falio Vargas. Assim como nos anos anteriores muitos radialistas est\u00e3o comemorando o dia da sua profiss\u00e3o neste s\u00e1bado. A data 21 de setembro ficou conhecida no meio radiof\u00f4nico como Dia do Radialista, por\u00e9m uma lei alterou a data de comemora\u00e7\u00e3o oficial da categoria, passando para 7 [&hellip;]<\/p>\n","protected":false},"author":1,"featured_media":6862,"comment_status":"closed","ping_status":"open","sticky":false,"template":"","format":"standard","meta":{"footnotes":""},"categories":[114,110],"tags":[],"class_list":["post-6861","post","type-post","status-publish","format-standard","has-post-thumbnail","hentry","category-geralecomercio","category-noticiasdestaque"],"_links":{"self":[{"href":"https:\/\/jorgezanoni.com.br\/2019\/wp-json\/wp\/v2\/posts\/6861","targetHints":{"allow":["GET"]}}],"collection":[{"href":"https:\/\/jorgezanoni.com.br\/2019\/wp-json\/wp\/v2\/posts"}],"about":[{"href":"https:\/\/jorgezanoni.com.br\/2019\/wp-json\/wp\/v2\/types\/post"}],"author":[{"embeddable":true,"href":"https:\/\/jorgezanoni.com.br\/2019\/wp-json\/wp\/v2\/users\/1"}],"replies":[{"embeddable":true,"href":"https:\/\/jorgezanoni.com.br\/2019\/wp-json\/wp\/v2\/comments?post=6861"}],"version-history":[{"count":0,"href":"https:\/\/jorgezanoni.com.br\/2019\/wp-json\/wp\/v2\/posts\/6861\/revisions"}],"wp:featuredmedia":[{"embeddable":true,"href":"https:\/\/jorgezanoni.com.br\/2019\/wp-json\/wp\/v2\/media\/6862"}],"wp:attachment":[{"href":"https:\/\/jorgezanoni.com.br\/2019\/wp-json\/wp\/v2\/media?parent=6861"}],"wp:term":[{"taxonomy":"category","embeddable":true,"href":"https:\/\/jorgezanoni.com.br\/2019\/wp-json\/wp\/v2\/categories?post=6861"},{"taxonomy":"post_tag","embeddable":true,"href":"https:\/\/jorgezanoni.com.br\/2019\/wp-json\/wp\/v2\/tags?post=6861"}],"curies":[{"name":"wp","href":"https:\/\/api.w.org\/{rel}","templated":true}]}}