{"id":68609,"date":"2022-09-09T11:22:21","date_gmt":"2022-09-09T11:22:21","guid":{"rendered":"https:\/\/jorgezanoni.com.br\/2019\/?p=68609"},"modified":"2022-09-09T11:22:21","modified_gmt":"2022-09-09T11:22:21","slug":"policia-militar-apreende-menor-infrator-apos-furto-de-celular-em-estabelecimento-comercial-de-tupi-paulista","status":"publish","type":"post","link":"https:\/\/jorgezanoni.com.br\/2019\/policia-militar-apreende-menor-infrator-apos-furto-de-celular-em-estabelecimento-comercial-de-tupi-paulista\/","title":{"rendered":"Pol\u00edcia Militar apreende menor infrator ap\u00f3s furto de celular em estabelecimento comercial de Tupi Paulista"},"content":{"rendered":"<p style=\"text-align: justify;\">Na tarde de hoje, 08, por volta das 17hrs, a unidade de servi\u00e7o da pol\u00edcia militar, tomou conhecimento de imagens de seguran\u00e7a de um furto ocorrido a aparelho celular em um estabelecimento comercial. Em posse das caracter\u00edsticas do indiv\u00edduo, iniciou patrulhamento com vistas, logrando em localizar o menor infrator (adolescente, 15 anos), na pra\u00e7a da igreja matriz, em busca pessoal foi localizado um celular marca samsung galaxy A50 e um carregador, ao ser indagado confessou que havia furtado o aparelho celular no interior de uma loja na madrugada do dia 06\/09. Diante dos fatos, o autor foi apreendido e encaminhado ao plant\u00e3o de pol\u00edcia judici\u00e1ria, onde foi ouvido e liberado, o aparelho celular foi restitu\u00eddo \u00e0 v\u00edtima.<\/p>\n<p style=\"text-align: justify;\">Fonte: Com. Social Pol\u00edcia Militar<\/p>\n","protected":false},"excerpt":{"rendered":"<p>Na tarde de hoje, 08, por volta das 17hrs, a unidade de servi\u00e7o da pol\u00edcia militar, tomou conhecimento de imagens de seguran\u00e7a de um furto ocorrido a aparelho celular em um estabelecimento comercial. Em posse das caracter\u00edsticas do indiv\u00edduo, iniciou patrulhamento com vistas, logrando em localizar o menor infrator (adolescente, 15 anos), na pra\u00e7a da [&hellip;]<\/p>\n","protected":false},"author":1,"featured_media":68611,"comment_status":"closed","ping_status":"open","sticky":false,"template":"","format":"standard","meta":{"footnotes":""},"categories":[110,2],"tags":[],"class_list":["post-68609","post","type-post","status-publish","format-standard","has-post-thumbnail","hentry","category-noticiasdestaque","category-policial"],"_links":{"self":[{"href":"https:\/\/jorgezanoni.com.br\/2019\/wp-json\/wp\/v2\/posts\/68609","targetHints":{"allow":["GET"]}}],"collection":[{"href":"https:\/\/jorgezanoni.com.br\/2019\/wp-json\/wp\/v2\/posts"}],"about":[{"href":"https:\/\/jorgezanoni.com.br\/2019\/wp-json\/wp\/v2\/types\/post"}],"author":[{"embeddable":true,"href":"https:\/\/jorgezanoni.com.br\/2019\/wp-json\/wp\/v2\/users\/1"}],"replies":[{"embeddable":true,"href":"https:\/\/jorgezanoni.com.br\/2019\/wp-json\/wp\/v2\/comments?post=68609"}],"version-history":[{"count":1,"href":"https:\/\/jorgezanoni.com.br\/2019\/wp-json\/wp\/v2\/posts\/68609\/revisions"}],"predecessor-version":[{"id":68612,"href":"https:\/\/jorgezanoni.com.br\/2019\/wp-json\/wp\/v2\/posts\/68609\/revisions\/68612"}],"wp:featuredmedia":[{"embeddable":true,"href":"https:\/\/jorgezanoni.com.br\/2019\/wp-json\/wp\/v2\/media\/68611"}],"wp:attachment":[{"href":"https:\/\/jorgezanoni.com.br\/2019\/wp-json\/wp\/v2\/media?parent=68609"}],"wp:term":[{"taxonomy":"category","embeddable":true,"href":"https:\/\/jorgezanoni.com.br\/2019\/wp-json\/wp\/v2\/categories?post=68609"},{"taxonomy":"post_tag","embeddable":true,"href":"https:\/\/jorgezanoni.com.br\/2019\/wp-json\/wp\/v2\/tags?post=68609"}],"curies":[{"name":"wp","href":"https:\/\/api.w.org\/{rel}","templated":true}]}}