{"id":68589,"date":"2022-09-08T22:05:40","date_gmt":"2022-09-08T22:05:40","guid":{"rendered":"https:\/\/jorgezanoni.com.br\/2019\/?p=68589"},"modified":"2022-09-08T22:05:40","modified_gmt":"2022-09-08T22:05:40","slug":"voce-sabe-o-que-e-somatoforme-o-que-causa-e-como-tratar-por-cidinha-pascoaloto","status":"publish","type":"post","link":"https:\/\/jorgezanoni.com.br\/2019\/voce-sabe-o-que-e-somatoforme-o-que-causa-e-como-tratar-por-cidinha-pascoaloto\/","title":{"rendered":"Voc\u00ea sabe o que \u00e9 somatoforme? O que causa, e como tratar&#8230;.  (por Cidinha Pascoaloto)"},"content":{"rendered":"<p style=\"text-align: justify;\"><strong>Voc\u00ea sabe o que \u00e9 somatoforme? O que causa, e como tratar<\/strong><\/p>\n<p style=\"text-align: justify;\">Sa\u00fade \u00e9 o estado de completo bem-estar f\u00edsico, mental e social e n\u00e3o somente a aus\u00eancia de doen\u00e7a.\u201d<\/p>\n<p style=\"text-align: justify;\"><strong><em>\u00a0<\/em><\/strong><em>Organiza\u00e7\u00e3o Mundial de Sa\u00fade.<\/em><\/p>\n<p style=\"text-align: justify;\"><strong>\u00a0<\/strong><\/p>\n<p style=\"text-align: justify;\">Pessoas com diferentes sintomas f\u00edsicos e emocionais s\u00e3o classificadas como transtornos somatoformes. Os sintomas causam sofrimentos f\u00edsicos chegando at\u00e9 a gerar problemas de conv\u00edvio social.<\/p>\n<p style=\"text-align: justify;\">\u00a0Na pandemia esse transtorno se agravou principalmente em adolescentes. Muitas vezes o paciente relata alguns sintomas como acidez de est\u00f4mago, coceiras no corpo, n\u00edveis exagerados de ang\u00fastia, preocupa\u00e7\u00f5es, sintomas gastrointestinais, neurol\u00f3gicos, dor na coluna, dores em membros ou articula\u00e7\u00f5es, dor de cabe\u00e7a, dor no peito, falta de ar, tonturas e sensa\u00e7\u00e3o de perda de energia entre outras. Sentem dificuldades para realizarem atividades do dia a dia ou no trabalho. \u00a0S\u00e3o sintomas que muitas vezes a medicina n\u00e3o explica. O paciente apresenta uma preocupa\u00e7\u00e3o exagerada quando tem um sintoma, e seus pensamentos se tornam negativos. Como medo de morrer. \u00a0Geralmente o transtorno tem in\u00edcio aos 30 anos. Apresenta sintomas gastrointestinais e sexuais combinados com dores inexplic\u00e1veis que afetam o movimento do corpo e sensorial. Podem ser v\u00e1rios os tipos de sintomas\u00a0de transtorno somatoforme. Quando o paciente sente cansa\u00e7o ou som estomacal ele j\u00e1 interpreta como doen\u00e7a f\u00edsica. A busca por um diagn\u00f3stico \u00e9 constante e a troca de m\u00e9dico tamb\u00e9m acontecem.\u00a0 Esses casos s\u00e3o de dif\u00edceis diagnostico. O pensamento negativo pelo futuro e o estresse s\u00e3o fatores que desencadeiam qualquer tipo de transtorno e principalmente o somatoforme. Geralmente esse transtorno est\u00e1 associado a outros transtornos como p\u00e2nico, bipolar depress\u00e3o, transtorno de personalidade ou dissociativo.\u00a0 O tratamento pode ser feito com acompanhamento m\u00e9dico e terapia cognitivo comportamental. O transtorno de somatoformes podem ser divididos v\u00e1rios tipos, vou destacar os principais, sindromi de Briquet, conversivo, doloroso, dismorfico, e de somatiza\u00e7\u00e3o. Embora os sintomas sejam parecidos o transtorno somatoforme \u00e9 diferente da somatiza\u00e7\u00e3o.<\/p>\n<p style=\"text-align: justify;\"><img loading=\"lazy\" decoding=\"async\" class=\"alignnone size-full wp-image-68590\" src=\"https:\/\/jorgezanoni.com.br\/2019\/wp-content\/uploads\/2022\/09\/Cidinha-Pascoaloto-1.jpg\" alt=\"\" width=\"500\" height=\"755\" srcset=\"https:\/\/jorgezanoni.com.br\/2019\/wp-content\/uploads\/2022\/09\/Cidinha-Pascoaloto-1.jpg 500w, https:\/\/jorgezanoni.com.br\/2019\/wp-content\/uploads\/2022\/09\/Cidinha-Pascoaloto-1-199x300.jpg 199w, https:\/\/jorgezanoni.com.br\/2019\/wp-content\/uploads\/2022\/09\/Cidinha-Pascoaloto-1-278x420.jpg 278w\" sizes=\"auto, (max-width: 500px) 100vw, 500px\" \/><\/p>\n<p style=\"text-align: justify;\">Cidinha Pascoaloto-Psic\u00f3loga- Gerando Transforma\u00e7\u00e3o \u2013 Terapia Cognitivo Comportamental +551899725-6418 \u2013 CRP 06\/158174<\/p>\n<p>&nbsp;<\/p>\n","protected":false},"excerpt":{"rendered":"<p>Voc\u00ea sabe o que \u00e9 somatoforme? O que causa, e como tratar Sa\u00fade \u00e9 o estado de completo bem-estar f\u00edsico, mental e social e n\u00e3o somente a aus\u00eancia de doen\u00e7a.\u201d \u00a0Organiza\u00e7\u00e3o Mundial de Sa\u00fade. \u00a0 Pessoas com diferentes sintomas f\u00edsicos e emocionais s\u00e3o classificadas como transtornos somatoformes. Os sintomas causam sofrimentos f\u00edsicos chegando at\u00e9 a [&hellip;]<\/p>\n","protected":false},"author":1,"featured_media":68591,"comment_status":"closed","ping_status":"open","sticky":false,"template":"","format":"standard","meta":{"footnotes":""},"categories":[175],"tags":[],"class_list":["post-68589","post","type-post","status-publish","format-standard","has-post-thumbnail","hentry","category-artigos"],"_links":{"self":[{"href":"https:\/\/jorgezanoni.com.br\/2019\/wp-json\/wp\/v2\/posts\/68589","targetHints":{"allow":["GET"]}}],"collection":[{"href":"https:\/\/jorgezanoni.com.br\/2019\/wp-json\/wp\/v2\/posts"}],"about":[{"href":"https:\/\/jorgezanoni.com.br\/2019\/wp-json\/wp\/v2\/types\/post"}],"author":[{"embeddable":true,"href":"https:\/\/jorgezanoni.com.br\/2019\/wp-json\/wp\/v2\/users\/1"}],"replies":[{"embeddable":true,"href":"https:\/\/jorgezanoni.com.br\/2019\/wp-json\/wp\/v2\/comments?post=68589"}],"version-history":[{"count":1,"href":"https:\/\/jorgezanoni.com.br\/2019\/wp-json\/wp\/v2\/posts\/68589\/revisions"}],"predecessor-version":[{"id":68592,"href":"https:\/\/jorgezanoni.com.br\/2019\/wp-json\/wp\/v2\/posts\/68589\/revisions\/68592"}],"wp:featuredmedia":[{"embeddable":true,"href":"https:\/\/jorgezanoni.com.br\/2019\/wp-json\/wp\/v2\/media\/68591"}],"wp:attachment":[{"href":"https:\/\/jorgezanoni.com.br\/2019\/wp-json\/wp\/v2\/media?parent=68589"}],"wp:term":[{"taxonomy":"category","embeddable":true,"href":"https:\/\/jorgezanoni.com.br\/2019\/wp-json\/wp\/v2\/categories?post=68589"},{"taxonomy":"post_tag","embeddable":true,"href":"https:\/\/jorgezanoni.com.br\/2019\/wp-json\/wp\/v2\/tags?post=68589"}],"curies":[{"name":"wp","href":"https:\/\/api.w.org\/{rel}","templated":true}]}}