{"id":6857,"date":"2019-09-21T18:09:55","date_gmt":"2019-09-21T18:09:55","guid":{"rendered":"https:\/\/jorgezanoni.com.br\/2019\/?p=6857"},"modified":"2019-09-21T18:09:55","modified_gmt":"2019-09-21T18:09:55","slug":"o-dia-da-arvore-e-comemorado-no-dia-21-de-setembro","status":"publish","type":"post","link":"https:\/\/jorgezanoni.com.br\/2019\/o-dia-da-arvore-e-comemorado-no-dia-21-de-setembro\/","title":{"rendered":"O\u00a0Dia da \u00c1rvore\u00a0\u00e9 comemorado no dia\u00a021 de Setembro"},"content":{"rendered":"<p style=\"text-align: justify;\">Esta data foi escolhida por anteceder o in\u00edcio da Primavera no hemisf\u00e9rio sul, que dependendo do ano pode ocorrer entre os dias 22 e 23 de setembro.<\/p>\n<p style=\"text-align: justify;\">Apesar de ainda ser comemorado nos dias de hoje, o Dia da \u00c1rvore foi substitu\u00eddo pela Festa Anual das \u00c1rvores, institu\u00edda pelo decreto federal 55.795, de 24 de Fevereiro de 1965.<\/p>\n<p style=\"text-align: justify;\">Mesmo com esta mudan\u00e7a, o Dia da \u00c1rvore, em setembro, ainda \u00e9 lembrado nas escolas e na m\u00eddia.<\/p>\n<p><img loading=\"lazy\" decoding=\"async\" class=\"alignnone size-full wp-image-6858\" src=\"https:\/\/jorgezanoni.com.br\/2019\/wp-content\/uploads\/2019\/09\/arvore-1.jpg\" alt=\"\" width=\"655\" height=\"479\" srcset=\"https:\/\/jorgezanoni.com.br\/2019\/wp-content\/uploads\/2019\/09\/arvore-1.jpg 655w, https:\/\/jorgezanoni.com.br\/2019\/wp-content\/uploads\/2019\/09\/arvore-1-300x219.jpg 300w, https:\/\/jorgezanoni.com.br\/2019\/wp-content\/uploads\/2019\/09\/arvore-1-80x60.jpg 80w, https:\/\/jorgezanoni.com.br\/2019\/wp-content\/uploads\/2019\/09\/arvore-1-574x420.jpg 574w\" sizes=\"auto, (max-width: 655px) 100vw, 655px\" \/><\/p>\n<figure class=\"image\"><figcaption>A \u00e1rvore s\u00edmbolo do Brasil \u00e9 o\u00a0<em>Ip\u00ea Amarelo<\/em><\/figcaption><\/figure>\n<p>O objetivo desse dia \u00e9 conscientizar sobre a import\u00e2ncia da\u00a0<strong>preserva\u00e7\u00e3o<\/strong>\u00a0das \u00e1rvores e das florestas, incentivando a prote\u00e7\u00e3o do meio ambiente com atitudes que trazem benef\u00edcios \u00e0 natureza.<\/p>\n<p>Estimular a\u00a0<strong>reflex\u00e3o\u00a0<\/strong>sobre as consequ\u00eancias do desmatamento e da expans\u00e3o da polui\u00e7\u00e3o tamb\u00e9m \u00e9 uma boa forma de comemorar o Dia da \u00c1rvore. Lembrando tamb\u00e9m que as \u00e1rvores nos proporcionam o oxig\u00eanio que respiramos, a sombra que nos refresca e diversos frutos que nos alimentam. Sem esquecer da import\u00e2ncia para a manuten\u00e7\u00e3o do equil\u00edbrio do nosso ecossistema.<\/p>\n<p>No dia 21 de mar\u00e7o \u00e9 comemorado o\u00a0<a href=\"https:\/\/www.calendarr.com\/brasil\/dia-internacional-das-florestas-e-da-arvore\/\">Dia Internacional das Florestas e da \u00c1rvore<\/a>, que tem o mesmo prop\u00f3sito do Dia da \u00c1rvore, mas est\u00e1 associado \u00e0 chegada da primavera no hemisf\u00e9rio norte.<\/p>\n<h2>Atividades para o Dia da \u00c1rvore<\/h2>\n<ul>\n<li>plantar uma \u00e1rvore<\/li>\n<li>revitalizar algum jardim que n\u00e3o esteja bem cuidado<\/li>\n<li>conhecer o Jardim Bot\u00e2nico da sua cidade<\/li>\n<li>ajudar entidades que promovam a preserva\u00e7\u00e3o da natureza<\/li>\n<\/ul>\n<p>Fonte: https:\/\/www.calendarr.com\/brasil\/dia-da-arvore\/<\/p>\n","protected":false},"excerpt":{"rendered":"<p>Esta data foi escolhida por anteceder o in\u00edcio da Primavera no hemisf\u00e9rio sul, que dependendo do ano pode ocorrer entre os dias 22 e 23 de setembro. Apesar de ainda ser comemorado nos dias de hoje, o Dia da \u00c1rvore foi substitu\u00eddo pela Festa Anual das \u00c1rvores, institu\u00edda pelo decreto federal 55.795, de 24 de [&hellip;]<\/p>\n","protected":false},"author":1,"featured_media":6859,"comment_status":"closed","ping_status":"open","sticky":false,"template":"","format":"standard","meta":{"footnotes":""},"categories":[176,110],"tags":[],"class_list":["post-6857","post","type-post","status-publish","format-standard","has-post-thumbnail","hentry","category-meioambienteeagricultura","category-noticiasdestaque"],"_links":{"self":[{"href":"https:\/\/jorgezanoni.com.br\/2019\/wp-json\/wp\/v2\/posts\/6857","targetHints":{"allow":["GET"]}}],"collection":[{"href":"https:\/\/jorgezanoni.com.br\/2019\/wp-json\/wp\/v2\/posts"}],"about":[{"href":"https:\/\/jorgezanoni.com.br\/2019\/wp-json\/wp\/v2\/types\/post"}],"author":[{"embeddable":true,"href":"https:\/\/jorgezanoni.com.br\/2019\/wp-json\/wp\/v2\/users\/1"}],"replies":[{"embeddable":true,"href":"https:\/\/jorgezanoni.com.br\/2019\/wp-json\/wp\/v2\/comments?post=6857"}],"version-history":[{"count":0,"href":"https:\/\/jorgezanoni.com.br\/2019\/wp-json\/wp\/v2\/posts\/6857\/revisions"}],"wp:featuredmedia":[{"embeddable":true,"href":"https:\/\/jorgezanoni.com.br\/2019\/wp-json\/wp\/v2\/media\/6859"}],"wp:attachment":[{"href":"https:\/\/jorgezanoni.com.br\/2019\/wp-json\/wp\/v2\/media?parent=6857"}],"wp:term":[{"taxonomy":"category","embeddable":true,"href":"https:\/\/jorgezanoni.com.br\/2019\/wp-json\/wp\/v2\/categories?post=6857"},{"taxonomy":"post_tag","embeddable":true,"href":"https:\/\/jorgezanoni.com.br\/2019\/wp-json\/wp\/v2\/tags?post=6857"}],"curies":[{"name":"wp","href":"https:\/\/api.w.org\/{rel}","templated":true}]}}