{"id":68543,"date":"2022-09-06T21:47:17","date_gmt":"2022-09-06T21:47:17","guid":{"rendered":"https:\/\/jorgezanoni.com.br\/2019\/?p=68543"},"modified":"2022-09-06T21:47:17","modified_gmt":"2022-09-06T21:47:17","slug":"policia-civil-esclarece-dois-casos-de-furtos-ocorridos-no-ultimo-final-de-semana-em-junqueiropolis","status":"publish","type":"post","link":"https:\/\/jorgezanoni.com.br\/2019\/policia-civil-esclarece-dois-casos-de-furtos-ocorridos-no-ultimo-final-de-semana-em-junqueiropolis\/","title":{"rendered":"Pol\u00edcia Civil esclarece dois casos de furtos ocorridos no \u00faltimo final de semana em Junqueir\u00f3polis"},"content":{"rendered":"<p style=\"text-align: justify;\">A Pol\u00edcia Civil, por interm\u00e9dio da Delegacia de Pol\u00edcia de Junqueir\u00f3polis, elucidou nesta ter\u00e7a-feira (06), dois furtos qualificados ocorridos na cidade, no \u00faltimo domingo. O suspeito \u00e9 um homem, que rec\u00e9m completou a maioridade, e que residia na cidade de Osvaldo Cruz.<br \/>\nEm um dos casos, o suspeito apoderou-se de um cart\u00e3o de cr\u00e9dito pertencente a uma v\u00edtima e efetivou v\u00e1rias compras em uma loja de conveni\u00eancia de um posto da cidade de Junqueir\u00f3polis. J\u00e1 no outro delito, o mesmo indiv\u00edduo, arrombou o telhado de uma lanchonete instalada na Pra\u00e7a da Rodovi\u00e1ria de Junqueir\u00f3polis para praticar o furto, mas acabou por abandonar o local ap\u00f3s o acionamento do alarme.<br \/>\nCom a realiza\u00e7\u00e3o de trabalho de investiga\u00e7\u00e3o, o homem foi identificado e conduzido \u00e0 Delegacia de Pol\u00edcia, onde confessou a autoria dos crimes. Por\u00e9m, como n\u00e3o havia mais a situa\u00e7\u00e3o flagrancial conforme determina os preceitos legais, ap\u00f3s ser interrogado, o autor foi liberado. Uma blusa que o suspeito usava no dia dos fatos, foi apreendida. O acusado responder\u00e1 por duas condutas de furto qualificado, cujas penas s\u00e3o de 2 a 8 anos de reclus\u00e3o.<\/p>\n<p style=\"text-align: justify;\">Fonte: Com. Social Pol\u00edcia Civil<\/p>\n","protected":false},"excerpt":{"rendered":"<p>A Pol\u00edcia Civil, por interm\u00e9dio da Delegacia de Pol\u00edcia de Junqueir\u00f3polis, elucidou nesta ter\u00e7a-feira (06), dois furtos qualificados ocorridos na cidade, no \u00faltimo domingo. O suspeito \u00e9 um homem, que rec\u00e9m completou a maioridade, e que residia na cidade de Osvaldo Cruz. Em um dos casos, o suspeito apoderou-se de um cart\u00e3o de cr\u00e9dito pertencente [&hellip;]<\/p>\n","protected":false},"author":1,"featured_media":68544,"comment_status":"closed","ping_status":"open","sticky":false,"template":"","format":"standard","meta":{"footnotes":""},"categories":[110,2],"tags":[],"class_list":["post-68543","post","type-post","status-publish","format-standard","has-post-thumbnail","hentry","category-noticiasdestaque","category-policial"],"_links":{"self":[{"href":"https:\/\/jorgezanoni.com.br\/2019\/wp-json\/wp\/v2\/posts\/68543","targetHints":{"allow":["GET"]}}],"collection":[{"href":"https:\/\/jorgezanoni.com.br\/2019\/wp-json\/wp\/v2\/posts"}],"about":[{"href":"https:\/\/jorgezanoni.com.br\/2019\/wp-json\/wp\/v2\/types\/post"}],"author":[{"embeddable":true,"href":"https:\/\/jorgezanoni.com.br\/2019\/wp-json\/wp\/v2\/users\/1"}],"replies":[{"embeddable":true,"href":"https:\/\/jorgezanoni.com.br\/2019\/wp-json\/wp\/v2\/comments?post=68543"}],"version-history":[{"count":1,"href":"https:\/\/jorgezanoni.com.br\/2019\/wp-json\/wp\/v2\/posts\/68543\/revisions"}],"predecessor-version":[{"id":68545,"href":"https:\/\/jorgezanoni.com.br\/2019\/wp-json\/wp\/v2\/posts\/68543\/revisions\/68545"}],"wp:featuredmedia":[{"embeddable":true,"href":"https:\/\/jorgezanoni.com.br\/2019\/wp-json\/wp\/v2\/media\/68544"}],"wp:attachment":[{"href":"https:\/\/jorgezanoni.com.br\/2019\/wp-json\/wp\/v2\/media?parent=68543"}],"wp:term":[{"taxonomy":"category","embeddable":true,"href":"https:\/\/jorgezanoni.com.br\/2019\/wp-json\/wp\/v2\/categories?post=68543"},{"taxonomy":"post_tag","embeddable":true,"href":"https:\/\/jorgezanoni.com.br\/2019\/wp-json\/wp\/v2\/tags?post=68543"}],"curies":[{"name":"wp","href":"https:\/\/api.w.org\/{rel}","templated":true}]}}