{"id":68531,"date":"2022-09-06T20:10:46","date_gmt":"2022-09-06T20:10:46","guid":{"rendered":"https:\/\/jorgezanoni.com.br\/2019\/?p=68531"},"modified":"2022-09-06T21:10:53","modified_gmt":"2022-09-06T21:10:53","slug":"morre-o-radialista-evaldo-siqueira-vitima-de-acidente-na-sp-294-em-lucelia","status":"publish","type":"post","link":"https:\/\/jorgezanoni.com.br\/2019\/morre-o-radialista-evaldo-siqueira-vitima-de-acidente-na-sp-294-em-lucelia\/","title":{"rendered":"Morre o radialista Evaldo Siqueira, v\u00edtima de acidente na SP-294, em Luc\u00e9lia"},"content":{"rendered":"<p style=\"text-align: justify;\"><strong><em>Acidente envolveu um utilit\u00e1rio GM Montana e um caminh\u00e3o.<\/em><\/strong><\/p>\n<p style=\"text-align: justify;\">Morreu na tarde desta ter\u00e7a feira (06), v\u00edtima de um grave acidente registrado pela Rodovia Comandante Jo\u00e3o Ribeiro de Barros, a SP-294, na altura do munic\u00edpio de Luc\u00e9lia, o conhecido radialista Evaldo Siqueira.<\/p>\n<p style=\"text-align: justify;\">Segundo informa\u00e7\u00f5es de populares, o radialista seguia com uma caminhonete, onde tem instalada uma caixa de som em forma de um r\u00e1dio, que \u00e9 utilizada para sonoriza\u00e7\u00e3o de publicidade e outros eventos, no sentido In\u00fabia Paulista a Adamantina quando, por motivos as serem ainda esclarecidos, acabou se chocando contra um caminh\u00e3o ba\u00fa que seguia em sentido contr\u00e1rio.<\/p>\n<p style=\"text-align: justify;\">Evaldo Siqueira, foi socorrido com ferimentos graves e levando ao Pronto Socorro da Santa Casa de Luc\u00e9lia, onde recebeu atendimento m\u00e9dico, por\u00e9m, n\u00e3o resistiu a gravidade dos ferimentos e veio a \u00f3bito.<\/p>\n<p style=\"text-align: justify;\">Segundo a equipe m\u00e9dica, todos os procedimentos foram realizados, inclusive sendo entubado, mas as fraturas na regi\u00e3o do t\u00f3rax acabaram comprometendo \u00f3rg\u00e3os vitais que o fizeram evoluir para \u00f3bito.<\/p>\n<p><img loading=\"lazy\" decoding=\"async\" class=\"alignnone size-full wp-image-68532\" src=\"https:\/\/jorgezanoni.com.br\/2019\/wp-content\/uploads\/2022\/09\/Lucelia.jpg\" alt=\"\" width=\"800\" height=\"445\" srcset=\"https:\/\/jorgezanoni.com.br\/2019\/wp-content\/uploads\/2022\/09\/Lucelia.jpg 800w, https:\/\/jorgezanoni.com.br\/2019\/wp-content\/uploads\/2022\/09\/Lucelia-300x167.jpg 300w, https:\/\/jorgezanoni.com.br\/2019\/wp-content\/uploads\/2022\/09\/Lucelia-768x427.jpg 768w, https:\/\/jorgezanoni.com.br\/2019\/wp-content\/uploads\/2022\/09\/Lucelia-696x387.jpg 696w, https:\/\/jorgezanoni.com.br\/2019\/wp-content\/uploads\/2022\/09\/Lucelia-755x420.jpg 755w\" sizes=\"auto, (max-width: 800px) 100vw, 800px\" \/> <img loading=\"lazy\" decoding=\"async\" class=\"alignnone size-full wp-image-68533\" src=\"https:\/\/jorgezanoni.com.br\/2019\/wp-content\/uploads\/2022\/09\/lucelia1.jpg\" alt=\"\" width=\"424\" height=\"424\" srcset=\"https:\/\/jorgezanoni.com.br\/2019\/wp-content\/uploads\/2022\/09\/lucelia1.jpg 424w, https:\/\/jorgezanoni.com.br\/2019\/wp-content\/uploads\/2022\/09\/lucelia1-300x300.jpg 300w, https:\/\/jorgezanoni.com.br\/2019\/wp-content\/uploads\/2022\/09\/lucelia1-150x150.jpg 150w, https:\/\/jorgezanoni.com.br\/2019\/wp-content\/uploads\/2022\/09\/lucelia1-420x420.jpg 420w\" sizes=\"auto, (max-width: 424px) 100vw, 424px\" \/><img loading=\"lazy\" decoding=\"async\" class=\"alignnone size-full wp-image-68541\" src=\"https:\/\/jorgezanoni.com.br\/2019\/wp-content\/uploads\/2022\/09\/aicd.jpeg\" alt=\"\" width=\"1024\" height=\"574\" srcset=\"https:\/\/jorgezanoni.com.br\/2019\/wp-content\/uploads\/2022\/09\/aicd.jpeg 1024w, https:\/\/jorgezanoni.com.br\/2019\/wp-content\/uploads\/2022\/09\/aicd-300x168.jpeg 300w, https:\/\/jorgezanoni.com.br\/2019\/wp-content\/uploads\/2022\/09\/aicd-768x431.jpeg 768w, https:\/\/jorgezanoni.com.br\/2019\/wp-content\/uploads\/2022\/09\/aicd-696x390.jpeg 696w, https:\/\/jorgezanoni.com.br\/2019\/wp-content\/uploads\/2022\/09\/aicd-749x420.jpeg 749w\" sizes=\"auto, (max-width: 1024px) 100vw, 1024px\" \/><\/p>\n<p style=\"text-align: justify;\">Fonte: Kako Oliveira (https:\/\/kakonews.com.br\/<\/p>\n","protected":false},"excerpt":{"rendered":"<p>Acidente envolveu um utilit\u00e1rio GM Montana e um caminh\u00e3o. Morreu na tarde desta ter\u00e7a feira (06), v\u00edtima de um grave acidente registrado pela Rodovia Comandante Jo\u00e3o Ribeiro de Barros, a SP-294, na altura do munic\u00edpio de Luc\u00e9lia, o conhecido radialista Evaldo Siqueira. Segundo informa\u00e7\u00f5es de populares, o radialista seguia com uma caminhonete, onde tem instalada [&hellip;]<\/p>\n","protected":false},"author":1,"featured_media":68534,"comment_status":"closed","ping_status":"open","sticky":false,"template":"","format":"standard","meta":{"footnotes":""},"categories":[170,110],"tags":[],"class_list":["post-68531","post","type-post","status-publish","format-standard","has-post-thumbnail","hentry","category-acidentes","category-noticiasdestaque"],"_links":{"self":[{"href":"https:\/\/jorgezanoni.com.br\/2019\/wp-json\/wp\/v2\/posts\/68531","targetHints":{"allow":["GET"]}}],"collection":[{"href":"https:\/\/jorgezanoni.com.br\/2019\/wp-json\/wp\/v2\/posts"}],"about":[{"href":"https:\/\/jorgezanoni.com.br\/2019\/wp-json\/wp\/v2\/types\/post"}],"author":[{"embeddable":true,"href":"https:\/\/jorgezanoni.com.br\/2019\/wp-json\/wp\/v2\/users\/1"}],"replies":[{"embeddable":true,"href":"https:\/\/jorgezanoni.com.br\/2019\/wp-json\/wp\/v2\/comments?post=68531"}],"version-history":[{"count":2,"href":"https:\/\/jorgezanoni.com.br\/2019\/wp-json\/wp\/v2\/posts\/68531\/revisions"}],"predecessor-version":[{"id":68542,"href":"https:\/\/jorgezanoni.com.br\/2019\/wp-json\/wp\/v2\/posts\/68531\/revisions\/68542"}],"wp:featuredmedia":[{"embeddable":true,"href":"https:\/\/jorgezanoni.com.br\/2019\/wp-json\/wp\/v2\/media\/68534"}],"wp:attachment":[{"href":"https:\/\/jorgezanoni.com.br\/2019\/wp-json\/wp\/v2\/media?parent=68531"}],"wp:term":[{"taxonomy":"category","embeddable":true,"href":"https:\/\/jorgezanoni.com.br\/2019\/wp-json\/wp\/v2\/categories?post=68531"},{"taxonomy":"post_tag","embeddable":true,"href":"https:\/\/jorgezanoni.com.br\/2019\/wp-json\/wp\/v2\/tags?post=68531"}],"curies":[{"name":"wp","href":"https:\/\/api.w.org\/{rel}","templated":true}]}}