{"id":6848,"date":"2019-09-21T17:53:23","date_gmt":"2019-09-21T17:53:23","guid":{"rendered":"https:\/\/jorgezanoni.com.br\/2019\/?p=6848"},"modified":"2019-09-21T17:53:23","modified_gmt":"2019-09-21T17:53:23","slug":"nova-unidade-do-programa-sp-perto-sera-em-presidente-prudente","status":"publish","type":"post","link":"https:\/\/jorgezanoni.com.br\/2019\/nova-unidade-do-programa-sp-perto-sera-em-presidente-prudente\/","title":{"rendered":"Nova unidade do programa SP + Perto ser\u00e1 em Presidente Prudente"},"content":{"rendered":"<p style=\"text-align: justify;\"><strong>Desenvolvimento Regional anunciou a nova sede do SP + Perto no interior paulista.<\/strong><\/p>\n<p><img loading=\"lazy\" decoding=\"async\" class=\"alignnone size-full wp-image-6849\" src=\"https:\/\/jorgezanoni.com.br\/2019\/wp-content\/uploads\/2019\/09\/vin.jpg\" alt=\"\" width=\"1280\" height=\"852\" srcset=\"https:\/\/jorgezanoni.com.br\/2019\/wp-content\/uploads\/2019\/09\/vin.jpg 1280w, https:\/\/jorgezanoni.com.br\/2019\/wp-content\/uploads\/2019\/09\/vin-300x200.jpg 300w, https:\/\/jorgezanoni.com.br\/2019\/wp-content\/uploads\/2019\/09\/vin-768x511.jpg 768w, https:\/\/jorgezanoni.com.br\/2019\/wp-content\/uploads\/2019\/09\/vin-1024x682.jpg 1024w, https:\/\/jorgezanoni.com.br\/2019\/wp-content\/uploads\/2019\/09\/vin-696x463.jpg 696w, https:\/\/jorgezanoni.com.br\/2019\/wp-content\/uploads\/2019\/09\/vin-1068x711.jpg 1068w, https:\/\/jorgezanoni.com.br\/2019\/wp-content\/uploads\/2019\/09\/vin-631x420.jpg 631w\" sizes=\"auto, (max-width: 1280px) 100vw, 1280px\" \/><\/p>\n<p style=\"text-align: justify;\">O secret\u00e1rio de Desenvolvimento Regional, Marco Vinholi, anunciou neste s\u00e1bado (21), em Presidente Prudente, a localiza\u00e7\u00e3o da nova unidade do programa SP + Perto, que visa facilitar e agilizar o atendimento aos munic\u00edpios.<\/p>\n<p><img loading=\"lazy\" decoding=\"async\" class=\"alignnone size-full wp-image-6850\" src=\"https:\/\/jorgezanoni.com.br\/2019\/wp-content\/uploads\/2019\/09\/vin1.jpg\" alt=\"\" width=\"1280\" height=\"853\" srcset=\"https:\/\/jorgezanoni.com.br\/2019\/wp-content\/uploads\/2019\/09\/vin1.jpg 1280w, https:\/\/jorgezanoni.com.br\/2019\/wp-content\/uploads\/2019\/09\/vin1-300x200.jpg 300w, https:\/\/jorgezanoni.com.br\/2019\/wp-content\/uploads\/2019\/09\/vin1-768x512.jpg 768w, https:\/\/jorgezanoni.com.br\/2019\/wp-content\/uploads\/2019\/09\/vin1-1024x682.jpg 1024w, https:\/\/jorgezanoni.com.br\/2019\/wp-content\/uploads\/2019\/09\/vin1-696x464.jpg 696w, https:\/\/jorgezanoni.com.br\/2019\/wp-content\/uploads\/2019\/09\/vin1-1068x712.jpg 1068w, https:\/\/jorgezanoni.com.br\/2019\/wp-content\/uploads\/2019\/09\/vin1-630x420.jpg 630w\" sizes=\"auto, (max-width: 1280px) 100vw, 1280px\" \/><\/p>\n<p style=\"text-align: justify;\">A iniciativa oferecer\u00e1 \u2018\u2019padr\u00e3o Poupatempo\u2019\u2019 de qualidade para servi\u00e7os p\u00fablicos de diversos \u00f3rg\u00e3os p\u00fablicos que ser\u00e3o utilizados por autoridades municipais, empreendedores e popula\u00e7\u00e3o em geral.<\/p>\n<p><img loading=\"lazy\" decoding=\"async\" class=\"alignnone size-full wp-image-6851\" src=\"https:\/\/jorgezanoni.com.br\/2019\/wp-content\/uploads\/2019\/09\/vin3.jpg\" alt=\"\" width=\"1280\" height=\"853\" srcset=\"https:\/\/jorgezanoni.com.br\/2019\/wp-content\/uploads\/2019\/09\/vin3.jpg 1280w, https:\/\/jorgezanoni.com.br\/2019\/wp-content\/uploads\/2019\/09\/vin3-300x200.jpg 300w, https:\/\/jorgezanoni.com.br\/2019\/wp-content\/uploads\/2019\/09\/vin3-768x512.jpg 768w, https:\/\/jorgezanoni.com.br\/2019\/wp-content\/uploads\/2019\/09\/vin3-1024x682.jpg 1024w, https:\/\/jorgezanoni.com.br\/2019\/wp-content\/uploads\/2019\/09\/vin3-696x464.jpg 696w, https:\/\/jorgezanoni.com.br\/2019\/wp-content\/uploads\/2019\/09\/vin3-1068x712.jpg 1068w, https:\/\/jorgezanoni.com.br\/2019\/wp-content\/uploads\/2019\/09\/vin3-630x420.jpg 630w\" sizes=\"auto, (max-width: 1280px) 100vw, 1280px\" \/><\/p>\n<p style=\"text-align: justify;\">A unidade do SP + Perto de Presidente Prudente ser\u00e1 montada nas instala\u00e7\u00f5es do Departamento de Estradas de Rodagem (DER) do munic\u00edpio, e reunir\u00e1 no mesmo local as unidades regionais de secretarias e \u00f3rg\u00e3os da administra\u00e7\u00e3o estadual.<\/p>\n<p><img loading=\"lazy\" decoding=\"async\" class=\"alignnone size-full wp-image-6852\" src=\"https:\/\/jorgezanoni.com.br\/2019\/wp-content\/uploads\/2019\/09\/vin4.jpg\" alt=\"\" width=\"1280\" height=\"853\" srcset=\"https:\/\/jorgezanoni.com.br\/2019\/wp-content\/uploads\/2019\/09\/vin4.jpg 1280w, https:\/\/jorgezanoni.com.br\/2019\/wp-content\/uploads\/2019\/09\/vin4-300x200.jpg 300w, https:\/\/jorgezanoni.com.br\/2019\/wp-content\/uploads\/2019\/09\/vin4-768x512.jpg 768w, https:\/\/jorgezanoni.com.br\/2019\/wp-content\/uploads\/2019\/09\/vin4-1024x682.jpg 1024w, https:\/\/jorgezanoni.com.br\/2019\/wp-content\/uploads\/2019\/09\/vin4-696x464.jpg 696w, https:\/\/jorgezanoni.com.br\/2019\/wp-content\/uploads\/2019\/09\/vin4-1068x712.jpg 1068w, https:\/\/jorgezanoni.com.br\/2019\/wp-content\/uploads\/2019\/09\/vin4-630x420.jpg 630w\" sizes=\"auto, (max-width: 1280px) 100vw, 1280px\" \/><\/p>\n<p style=\"text-align: justify;\">\u201cO pr\u00e9dio que abrigar\u00e1 as novas instala\u00e7\u00f5es do SP + Perto em Prudente ser\u00e1 totalmente adaptado para as novas fun\u00e7\u00f5es e n\u00f3s traremos o mesmo modelo de resolutividade presente no Poupatempo, o que contempla uma completa informatiza\u00e7\u00e3o da unidade\u201d, afirmou o secret\u00e1rio Vinholi.<\/p>\n<p><img loading=\"lazy\" decoding=\"async\" class=\"alignnone size-full wp-image-6853\" src=\"https:\/\/jorgezanoni.com.br\/2019\/wp-content\/uploads\/2019\/09\/vin5.jpg\" alt=\"\" width=\"1280\" height=\"853\" srcset=\"https:\/\/jorgezanoni.com.br\/2019\/wp-content\/uploads\/2019\/09\/vin5.jpg 1280w, https:\/\/jorgezanoni.com.br\/2019\/wp-content\/uploads\/2019\/09\/vin5-300x200.jpg 300w, https:\/\/jorgezanoni.com.br\/2019\/wp-content\/uploads\/2019\/09\/vin5-768x512.jpg 768w, https:\/\/jorgezanoni.com.br\/2019\/wp-content\/uploads\/2019\/09\/vin5-1024x682.jpg 1024w, https:\/\/jorgezanoni.com.br\/2019\/wp-content\/uploads\/2019\/09\/vin5-696x464.jpg 696w, https:\/\/jorgezanoni.com.br\/2019\/wp-content\/uploads\/2019\/09\/vin5-1068x712.jpg 1068w, https:\/\/jorgezanoni.com.br\/2019\/wp-content\/uploads\/2019\/09\/vin5-630x420.jpg 630w\" sizes=\"auto, (max-width: 1280px) 100vw, 1280px\" \/><\/p>\n<p style=\"text-align: justify;\">O objetivo do SP + Perto \u00e9 propiciar maior rapidez e efici\u00eancia para as Prefeituras das cidades da regi\u00e3o administrativa de Presidente Prudente em seus tr\u00e2mites com a gest\u00e3o estadual.<\/p>\n<p><img loading=\"lazy\" decoding=\"async\" class=\"alignnone size-full wp-image-6854\" src=\"https:\/\/jorgezanoni.com.br\/2019\/wp-content\/uploads\/2019\/09\/vin6.jpg\" alt=\"\" width=\"1280\" height=\"853\" srcset=\"https:\/\/jorgezanoni.com.br\/2019\/wp-content\/uploads\/2019\/09\/vin6.jpg 1280w, https:\/\/jorgezanoni.com.br\/2019\/wp-content\/uploads\/2019\/09\/vin6-300x200.jpg 300w, https:\/\/jorgezanoni.com.br\/2019\/wp-content\/uploads\/2019\/09\/vin6-768x512.jpg 768w, https:\/\/jorgezanoni.com.br\/2019\/wp-content\/uploads\/2019\/09\/vin6-1024x682.jpg 1024w, https:\/\/jorgezanoni.com.br\/2019\/wp-content\/uploads\/2019\/09\/vin6-696x464.jpg 696w, https:\/\/jorgezanoni.com.br\/2019\/wp-content\/uploads\/2019\/09\/vin6-1068x712.jpg 1068w, https:\/\/jorgezanoni.com.br\/2019\/wp-content\/uploads\/2019\/09\/vin6-630x420.jpg 630w\" sizes=\"auto, (max-width: 1280px) 100vw, 1280px\" \/><\/p>\n<p style=\"text-align: justify;\">A iniciativa visa igualmente oferecer padr\u00e3o elevado de qualidade e rapidez para os servi\u00e7os p\u00fablicos dispon\u00edveis, maior visibilidade da presen\u00e7a do Estado na regi\u00e3o, al\u00e9m da otimiza\u00e7\u00e3o dos servi\u00e7os oferecidos \u00e0s autoridades municipais, ao empreendedor, ao produtor e \u00e0 popula\u00e7\u00e3o em geral.<\/p>\n<p style=\"text-align: justify;\">Redu\u00e7\u00e3o de gastos com loca\u00e7\u00e3o de im\u00f3veis \u00e9 outra vantagem da iniciativa, que oferecer\u00e1 igualmente uma gest\u00e3o eficiente e comprometida com resultados, al\u00e9m de redu\u00e7\u00e3o da burocracia e simplifica\u00e7\u00e3o dos processos.<\/p>\n<p style=\"text-align: justify;\">A unidade de Presidente Prudente \u00e9 a quarta de uma s\u00e9rie de iniciativas similares espalhadas por todo o territ\u00f3rio paulista, cada qual localizada em uma das 15 Regi\u00f5es Administrativas do estado.<\/p>\n<p style=\"text-align: justify;\">A estimativa \u00e9 que a nova unidade inicie seu funcionamento no segundo semestre de 2020.<\/p>\n<p>Fonte: Assessoria de Imprensa<\/p>\n","protected":false},"excerpt":{"rendered":"<p>Desenvolvimento Regional anunciou a nova sede do SP + Perto no interior paulista. O secret\u00e1rio de Desenvolvimento Regional, Marco Vinholi, anunciou neste s\u00e1bado (21), em Presidente Prudente, a localiza\u00e7\u00e3o da nova unidade do programa SP + Perto, que visa facilitar e agilizar o atendimento aos munic\u00edpios. A iniciativa oferecer\u00e1 \u2018\u2019padr\u00e3o Poupatempo\u2019\u2019 de qualidade para servi\u00e7os [&hellip;]<\/p>\n","protected":false},"author":1,"featured_media":6855,"comment_status":"closed","ping_status":"open","sticky":false,"template":"","format":"standard","meta":{"footnotes":""},"categories":[116],"tags":[],"class_list":["post-6848","post","type-post","status-publish","format-standard","has-post-thumbnail","hentry","category-politicaeeconomia"],"_links":{"self":[{"href":"https:\/\/jorgezanoni.com.br\/2019\/wp-json\/wp\/v2\/posts\/6848","targetHints":{"allow":["GET"]}}],"collection":[{"href":"https:\/\/jorgezanoni.com.br\/2019\/wp-json\/wp\/v2\/posts"}],"about":[{"href":"https:\/\/jorgezanoni.com.br\/2019\/wp-json\/wp\/v2\/types\/post"}],"author":[{"embeddable":true,"href":"https:\/\/jorgezanoni.com.br\/2019\/wp-json\/wp\/v2\/users\/1"}],"replies":[{"embeddable":true,"href":"https:\/\/jorgezanoni.com.br\/2019\/wp-json\/wp\/v2\/comments?post=6848"}],"version-history":[{"count":0,"href":"https:\/\/jorgezanoni.com.br\/2019\/wp-json\/wp\/v2\/posts\/6848\/revisions"}],"wp:featuredmedia":[{"embeddable":true,"href":"https:\/\/jorgezanoni.com.br\/2019\/wp-json\/wp\/v2\/media\/6855"}],"wp:attachment":[{"href":"https:\/\/jorgezanoni.com.br\/2019\/wp-json\/wp\/v2\/media?parent=6848"}],"wp:term":[{"taxonomy":"category","embeddable":true,"href":"https:\/\/jorgezanoni.com.br\/2019\/wp-json\/wp\/v2\/categories?post=6848"},{"taxonomy":"post_tag","embeddable":true,"href":"https:\/\/jorgezanoni.com.br\/2019\/wp-json\/wp\/v2\/tags?post=6848"}],"curies":[{"name":"wp","href":"https:\/\/api.w.org\/{rel}","templated":true}]}}