{"id":68470,"date":"2022-09-05T15:13:13","date_gmt":"2022-09-05T15:13:13","guid":{"rendered":"https:\/\/jorgezanoni.com.br\/2019\/?p=68470"},"modified":"2022-09-05T15:13:13","modified_gmt":"2022-09-05T15:13:13","slug":"academicos-de-enfermagem-realizam-atividades-na-escola-guilherme-tammerik","status":"publish","type":"post","link":"https:\/\/jorgezanoni.com.br\/2019\/academicos-de-enfermagem-realizam-atividades-na-escola-guilherme-tammerik\/","title":{"rendered":"Acad\u00eamicos de Enfermagem realizam atividades na Escola Guilherme Tammerik"},"content":{"rendered":"<p style=\"text-align: justify;\"><span style=\"font-size: large;\">Os acad\u00eamicos do 6\u00ba termo do curso de Enfermagem da Unifadra t\u00eam visitado a Escola Guilherme Tammerik durante as atividades da disciplina de Sa\u00fade da Crian\u00e7a. As visitas s\u00e3o realizadas semanalmente e envolvem a sa\u00fade da crian\u00e7a e do adolescente, com acompanhamento de crescimento, educa\u00e7\u00e3o para higiene corporal e preven\u00e7\u00e3o de gravidez. Al\u00e9m disso, a cada 15 dias h\u00e1 uma atividade especial para a turminha da escola.<\/span><\/p>\n<p><span style=\"font-size: large;\">Os futuros enfermeiros j\u00e1\u00a0<\/span>checaram<span style=\"font-size: large;\">\u00a0o peso e a altura das crian\u00e7as para a verifica\u00e7\u00e3o de crescimento e desenvolvimento e est\u00e3o tra\u00e7ando o gr\u00e1fico de crescimento dos alunos. No dia 31 de agosto, os acad\u00eamicos apresentaram um teatro de fantoches para falar de forma l\u00fadica sobre a alimenta\u00e7\u00e3o saud\u00e1vel e, no intervalo, serviram \u00e0s crian\u00e7as uma salada de frutas.<\/span><\/p>\n<p><span style=\"font-size: large;\">&#8220;Estas atividades proporcionam a viv\u00eancia e a intera\u00e7\u00e3o dos acad\u00eamicos da Unifadra com a sa\u00fade da comunidade, aproximando nossos alunos para desenvolver um novo campo de trabalho, que \u00e9 a sa\u00fade da crian\u00e7a na escola&#8221;, ressalta a Profa. Ma. Eunice Maria Zangari Nelli, que acompanha os grupos na disciplina de Sa\u00fade da Crian\u00e7a.<\/span><\/p>\n<p><span style=\"font-size: large;\">A\u00a0<\/span>Profa. Dra.<span style=\"font-size: large;\">\u00a0Lilian Carla Ferrari Sossai Panicio, coordenadora do curso de Enfermagem da Unifadra, destaca que estes processos s\u00e3o fundamentais para a forma\u00e7\u00e3o dos enfermeiros, pois os ajuda a entender sua atua\u00e7\u00e3o em diferentes n\u00edveis de sa\u00fade, inclusive na escola. &#8220;\u00c9 essencial que o acad\u00eamico compreenda o trabalho, a import\u00e2ncia e o valor dessas interven\u00e7\u00f5es, pois a sa\u00fade precisa estar tamb\u00e9m na escola. O objetivo de atividades como estas \u00e9 contribuir para a forma\u00e7\u00e3o integral dos estudantes, por meio de a\u00e7\u00f5es de promo\u00e7\u00e3o, preven\u00e7\u00e3o e aten\u00e7\u00e3o \u00e0 sa\u00fade, com foco no enfrentamento das vulnerabilidades que comprometem o pleno desenvolvimento de crian\u00e7as&#8221;, finaliza.<\/span><\/p>\n<p><img loading=\"lazy\" decoding=\"async\" class=\"alignnone size-full wp-image-68472\" src=\"https:\/\/jorgezanoni.com.br\/2019\/wp-content\/uploads\/2022\/09\/enfe1.jpeg\" alt=\"\" width=\"599\" height=\"333\" srcset=\"https:\/\/jorgezanoni.com.br\/2019\/wp-content\/uploads\/2022\/09\/enfe1.jpeg 599w, https:\/\/jorgezanoni.com.br\/2019\/wp-content\/uploads\/2022\/09\/enfe1-300x167.jpeg 300w\" sizes=\"auto, (max-width: 599px) 100vw, 599px\" \/> <img loading=\"lazy\" decoding=\"async\" class=\"alignnone size-full wp-image-68473\" src=\"https:\/\/jorgezanoni.com.br\/2019\/wp-content\/uploads\/2022\/09\/enfe2.jpeg\" alt=\"\" width=\"500\" height=\"277\" srcset=\"https:\/\/jorgezanoni.com.br\/2019\/wp-content\/uploads\/2022\/09\/enfe2.jpeg 500w, https:\/\/jorgezanoni.com.br\/2019\/wp-content\/uploads\/2022\/09\/enfe2-300x166.jpeg 300w\" sizes=\"auto, (max-width: 500px) 100vw, 500px\" \/> <img loading=\"lazy\" decoding=\"async\" class=\"alignnone size-full wp-image-68474\" src=\"https:\/\/jorgezanoni.com.br\/2019\/wp-content\/uploads\/2022\/09\/enfe3.jpeg\" alt=\"\" width=\"500\" height=\"277\" srcset=\"https:\/\/jorgezanoni.com.br\/2019\/wp-content\/uploads\/2022\/09\/enfe3.jpeg 500w, https:\/\/jorgezanoni.com.br\/2019\/wp-content\/uploads\/2022\/09\/enfe3-300x166.jpeg 300w\" sizes=\"auto, (max-width: 500px) 100vw, 500px\" \/><\/p>\n<p>Fonte: Depto. de Comunica\u00e7\u00e3o da Fundec<\/p>\n","protected":false},"excerpt":{"rendered":"<p>Os acad\u00eamicos do 6\u00ba termo do curso de Enfermagem da Unifadra t\u00eam visitado a Escola Guilherme Tammerik durante as atividades da disciplina de Sa\u00fade da Crian\u00e7a. As visitas s\u00e3o realizadas semanalmente e envolvem a sa\u00fade da crian\u00e7a e do adolescente, com acompanhamento de crescimento, educa\u00e7\u00e3o para higiene corporal e preven\u00e7\u00e3o de gravidez. Al\u00e9m disso, a [&hellip;]<\/p>\n","protected":false},"author":1,"featured_media":68471,"comment_status":"closed","ping_status":"open","sticky":false,"template":"","format":"standard","meta":{"footnotes":""},"categories":[110,122],"tags":[],"class_list":["post-68470","post","type-post","status-publish","format-standard","has-post-thumbnail","hentry","category-noticiasdestaque","category-saudeeducacaoeconcurso"],"_links":{"self":[{"href":"https:\/\/jorgezanoni.com.br\/2019\/wp-json\/wp\/v2\/posts\/68470","targetHints":{"allow":["GET"]}}],"collection":[{"href":"https:\/\/jorgezanoni.com.br\/2019\/wp-json\/wp\/v2\/posts"}],"about":[{"href":"https:\/\/jorgezanoni.com.br\/2019\/wp-json\/wp\/v2\/types\/post"}],"author":[{"embeddable":true,"href":"https:\/\/jorgezanoni.com.br\/2019\/wp-json\/wp\/v2\/users\/1"}],"replies":[{"embeddable":true,"href":"https:\/\/jorgezanoni.com.br\/2019\/wp-json\/wp\/v2\/comments?post=68470"}],"version-history":[{"count":1,"href":"https:\/\/jorgezanoni.com.br\/2019\/wp-json\/wp\/v2\/posts\/68470\/revisions"}],"predecessor-version":[{"id":68475,"href":"https:\/\/jorgezanoni.com.br\/2019\/wp-json\/wp\/v2\/posts\/68470\/revisions\/68475"}],"wp:featuredmedia":[{"embeddable":true,"href":"https:\/\/jorgezanoni.com.br\/2019\/wp-json\/wp\/v2\/media\/68471"}],"wp:attachment":[{"href":"https:\/\/jorgezanoni.com.br\/2019\/wp-json\/wp\/v2\/media?parent=68470"}],"wp:term":[{"taxonomy":"category","embeddable":true,"href":"https:\/\/jorgezanoni.com.br\/2019\/wp-json\/wp\/v2\/categories?post=68470"},{"taxonomy":"post_tag","embeddable":true,"href":"https:\/\/jorgezanoni.com.br\/2019\/wp-json\/wp\/v2\/tags?post=68470"}],"curies":[{"name":"wp","href":"https:\/\/api.w.org\/{rel}","templated":true}]}}