{"id":68404,"date":"2022-09-03T17:17:44","date_gmt":"2022-09-03T17:17:44","guid":{"rendered":"https:\/\/jorgezanoni.com.br\/2019\/?p=68404"},"modified":"2022-09-03T17:17:44","modified_gmt":"2022-09-03T17:17:44","slug":"mulher-fica-ferida-em-acidente-na-rodovia-da-integracao-sp-563","status":"publish","type":"post","link":"https:\/\/jorgezanoni.com.br\/2019\/mulher-fica-ferida-em-acidente-na-rodovia-da-integracao-sp-563\/","title":{"rendered":"Mulher fica ferida em acidente na rodovia da Integra\u00e7\u00e3o SP-563"},"content":{"rendered":"<div class=\"m8h3af8h l7ghb35v kjdc1dyq kmwttqpk gh25dzvf n3t5jt4f\">\n<div dir=\"auto\" style=\"text-align: justify;\"><strong>Acidente foi registrado na noite de ontem no KM. 146+500 metros da Rodovia General Euclides de Oliveira Figueiredo (Integra\u00e7\u00e3o), munic\u00edpio de Monte Castelo.<\/strong><\/div>\n<\/div>\n<div dir=\"auto\" style=\"text-align: justify;\"><\/div>\n<div dir=\"auto\" style=\"text-align: justify;\">Segundo informa\u00e7\u00f5es obtidas pela reportagem do Site JZ, uma mulher de 34 anos, moradora da cidade de S\u00e3o Jo\u00e3o do P\u00e1u D&#8217;\u00c1lho, dirigia um ve\u00edculo e por motivo a serem apurados, teria invadido\u00a0 a faixa contr\u00e1ria e colidido frontalmente, contra um caminh\u00e3o Bi trem que fazia o sentido contr\u00e1rio.<\/div>\n<div dir=\"auto\" style=\"text-align: justify;\"><\/div>\n<div dir=\"auto\" style=\"text-align: justify;\">O tr\u00e2nsito ficou bastante prejudicado no local, chegando a ser parado.<\/div>\n<div dir=\"auto\" style=\"text-align: justify;\"><\/div>\n<div dir=\"auto\" style=\"text-align: justify;\">Ela foi socorrida por uma Unidade de Resgate do Corpo de Bombeiros de Dracena at\u00e9 o Pronto Socorro de Tupi Paulista com ferimentos considerados graves.<\/div>\n<div dir=\"auto\" style=\"text-align: justify;\"><\/div>\n<div dir=\"auto\" style=\"text-align: justify;\">A Pol\u00edcia Militar Rodovi\u00e1ria base operacional de Adamantina e a Pol\u00edcia T\u00e9cnica de Dracena, compareceram ao local para os levantamentos necess\u00e1rios.<\/div>\n<div dir=\"auto\"><\/div>\n<div dir=\"auto\"><img loading=\"lazy\" decoding=\"async\" class=\"alignnone size-full wp-image-68406\" src=\"https:\/\/jorgezanoni.com.br\/2019\/wp-content\/uploads\/2022\/09\/monte-castelo1-2.jpg\" alt=\"\" width=\"599\" height=\"693\" srcset=\"https:\/\/jorgezanoni.com.br\/2019\/wp-content\/uploads\/2022\/09\/monte-castelo1-2.jpg 599w, https:\/\/jorgezanoni.com.br\/2019\/wp-content\/uploads\/2022\/09\/monte-castelo1-2-259x300.jpg 259w, https:\/\/jorgezanoni.com.br\/2019\/wp-content\/uploads\/2022\/09\/monte-castelo1-2-363x420.jpg 363w\" sizes=\"auto, (max-width: 599px) 100vw, 599px\" \/><\/div>\n<div dir=\"auto\" style=\"text-align: justify;\"><\/div>\n<div dir=\"auto\" style=\"text-align: justify;\">Jorge Zanoni<\/div>\n<div dir=\"auto\" style=\"text-align: justify;\">Fotos de Internauta<\/div>\n<div class=\"l7ghb35v kjdc1dyq kmwttqpk gh25dzvf jikcssrz n3t5jt4f\">\n<div dir=\"auto\"><\/div>\n<\/div>\n<div class=\"l7ghb35v kjdc1dyq kmwttqpk gh25dzvf jikcssrz n3t5jt4f\">\n<div dir=\"auto\"><\/div>\n<div dir=\"auto\"><\/div>\n<\/div>\n","protected":false},"excerpt":{"rendered":"<p>Acidente foi registrado na noite de ontem no KM. 146+500 metros da Rodovia General Euclides de Oliveira Figueiredo (Integra\u00e7\u00e3o), munic\u00edpio de Monte Castelo. Segundo informa\u00e7\u00f5es obtidas pela reportagem do Site JZ, uma mulher de 34 anos, moradora da cidade de S\u00e3o Jo\u00e3o do P\u00e1u D&#8217;\u00c1lho, dirigia um ve\u00edculo e por motivo a serem apurados, teria [&hellip;]<\/p>\n","protected":false},"author":1,"featured_media":68405,"comment_status":"closed","ping_status":"open","sticky":false,"template":"","format":"standard","meta":{"footnotes":""},"categories":[170,110],"tags":[],"class_list":["post-68404","post","type-post","status-publish","format-standard","has-post-thumbnail","hentry","category-acidentes","category-noticiasdestaque"],"_links":{"self":[{"href":"https:\/\/jorgezanoni.com.br\/2019\/wp-json\/wp\/v2\/posts\/68404","targetHints":{"allow":["GET"]}}],"collection":[{"href":"https:\/\/jorgezanoni.com.br\/2019\/wp-json\/wp\/v2\/posts"}],"about":[{"href":"https:\/\/jorgezanoni.com.br\/2019\/wp-json\/wp\/v2\/types\/post"}],"author":[{"embeddable":true,"href":"https:\/\/jorgezanoni.com.br\/2019\/wp-json\/wp\/v2\/users\/1"}],"replies":[{"embeddable":true,"href":"https:\/\/jorgezanoni.com.br\/2019\/wp-json\/wp\/v2\/comments?post=68404"}],"version-history":[{"count":1,"href":"https:\/\/jorgezanoni.com.br\/2019\/wp-json\/wp\/v2\/posts\/68404\/revisions"}],"predecessor-version":[{"id":68408,"href":"https:\/\/jorgezanoni.com.br\/2019\/wp-json\/wp\/v2\/posts\/68404\/revisions\/68408"}],"wp:featuredmedia":[{"embeddable":true,"href":"https:\/\/jorgezanoni.com.br\/2019\/wp-json\/wp\/v2\/media\/68405"}],"wp:attachment":[{"href":"https:\/\/jorgezanoni.com.br\/2019\/wp-json\/wp\/v2\/media?parent=68404"}],"wp:term":[{"taxonomy":"category","embeddable":true,"href":"https:\/\/jorgezanoni.com.br\/2019\/wp-json\/wp\/v2\/categories?post=68404"},{"taxonomy":"post_tag","embeddable":true,"href":"https:\/\/jorgezanoni.com.br\/2019\/wp-json\/wp\/v2\/tags?post=68404"}],"curies":[{"name":"wp","href":"https:\/\/api.w.org\/{rel}","templated":true}]}}