{"id":68401,"date":"2022-09-03T16:21:53","date_gmt":"2022-09-03T16:21:53","guid":{"rendered":"https:\/\/jorgezanoni.com.br\/2019\/?p=68401"},"modified":"2022-09-03T16:21:53","modified_gmt":"2022-09-03T16:21:53","slug":"homem-morador-de-dracena-que-estava-desaparecido-foi-encontrado-morto","status":"publish","type":"post","link":"https:\/\/jorgezanoni.com.br\/2019\/homem-morador-de-dracena-que-estava-desaparecido-foi-encontrado-morto\/","title":{"rendered":"Homem morador de Dracena que estava desaparecido foi encontrado morto"},"content":{"rendered":"<p style=\"text-align: justify;\"><strong>Edinaldo da Silva (conhecido como Grilo) de 47 anos, estava desaparecido desde o dia 12\/08 e no dia 17\/08 o Site JZ fez mat\u00e9ria sobre o caso.<\/strong><\/p>\n<p style=\"text-align: justify;\">Segundo informa\u00e7\u00f5es obtidas pela reportagem do Site JZ, (Grilo) que tinha problemas de vis\u00e3o e transtornos, foi encontrado pela Pol\u00edcia Militar, dentro de uma vala de aproximadamente 6 a 8 metros de profundidade, local de dif\u00edcil acesso, em uma pastagem no final da Rua Fagundes Varela no Jardim Brasil\u00e2ndia, pr\u00f3ximo h\u00e1 uma planta\u00e7\u00e3o de Eucaliptos.<\/p>\n<p style=\"text-align: justify;\">O Corpo aparentemente n\u00e3o tinha nem um sinal de agress\u00e3o ou ferimentos. A Pol\u00edcia Civil assumiu o caso, e vai apurar as causas da morte.<\/p>\n<p style=\"text-align: justify;\"><strong>Veja a reportagem do desaparecimento:\u00a0<\/strong><\/p>\n<p style=\"text-align: justify;\">\n<blockquote class=\"wp-embedded-content\" data-secret=\"dwQUSnr3SI\"><p><a href=\"https:\/\/jorgezanoni.com.br\/2019\/2022\/08\/17\/homem-morador-de-dracena-esta-desaparecido\/\">Homem morador de Dracena est\u00e1 desaparecido<\/a><\/p><\/blockquote>\n<p><iframe loading=\"lazy\" class=\"wp-embedded-content\" sandbox=\"allow-scripts\" security=\"restricted\" style=\"position: absolute; clip: rect(1px, 1px, 1px, 1px);\" title=\"&#8220;Homem morador de Dracena est\u00e1 desaparecido&#8221; &#8212; Jorge Zanoni\" src=\"https:\/\/jorgezanoni.com.br\/2019\/2022\/08\/17\/homem-morador-de-dracena-esta-desaparecido\/embed\/#?secret=aey4aLl63b#?secret=dwQUSnr3SI\" data-secret=\"dwQUSnr3SI\" width=\"600\" height=\"338\" frameborder=\"0\" marginwidth=\"0\" marginheight=\"0\" scrolling=\"no\"><\/iframe><\/p>\n<p>Jorge Zanoni<\/p>\n","protected":false},"excerpt":{"rendered":"<p>Edinaldo da Silva (conhecido como Grilo) de 47 anos, estava desaparecido desde o dia 12\/08 e no dia 17\/08 o Site JZ fez mat\u00e9ria sobre o caso. Segundo informa\u00e7\u00f5es obtidas pela reportagem do Site JZ, (Grilo) que tinha problemas de vis\u00e3o e transtornos, foi encontrado pela Pol\u00edcia Militar, dentro de uma vala de aproximadamente 6 [&hellip;]<\/p>\n","protected":false},"author":1,"featured_media":68402,"comment_status":"closed","ping_status":"open","sticky":false,"template":"","format":"standard","meta":{"footnotes":""},"categories":[110,2],"tags":[],"class_list":["post-68401","post","type-post","status-publish","format-standard","has-post-thumbnail","hentry","category-noticiasdestaque","category-policial"],"_links":{"self":[{"href":"https:\/\/jorgezanoni.com.br\/2019\/wp-json\/wp\/v2\/posts\/68401","targetHints":{"allow":["GET"]}}],"collection":[{"href":"https:\/\/jorgezanoni.com.br\/2019\/wp-json\/wp\/v2\/posts"}],"about":[{"href":"https:\/\/jorgezanoni.com.br\/2019\/wp-json\/wp\/v2\/types\/post"}],"author":[{"embeddable":true,"href":"https:\/\/jorgezanoni.com.br\/2019\/wp-json\/wp\/v2\/users\/1"}],"replies":[{"embeddable":true,"href":"https:\/\/jorgezanoni.com.br\/2019\/wp-json\/wp\/v2\/comments?post=68401"}],"version-history":[{"count":1,"href":"https:\/\/jorgezanoni.com.br\/2019\/wp-json\/wp\/v2\/posts\/68401\/revisions"}],"predecessor-version":[{"id":68403,"href":"https:\/\/jorgezanoni.com.br\/2019\/wp-json\/wp\/v2\/posts\/68401\/revisions\/68403"}],"wp:featuredmedia":[{"embeddable":true,"href":"https:\/\/jorgezanoni.com.br\/2019\/wp-json\/wp\/v2\/media\/68402"}],"wp:attachment":[{"href":"https:\/\/jorgezanoni.com.br\/2019\/wp-json\/wp\/v2\/media?parent=68401"}],"wp:term":[{"taxonomy":"category","embeddable":true,"href":"https:\/\/jorgezanoni.com.br\/2019\/wp-json\/wp\/v2\/categories?post=68401"},{"taxonomy":"post_tag","embeddable":true,"href":"https:\/\/jorgezanoni.com.br\/2019\/wp-json\/wp\/v2\/tags?post=68401"}],"curies":[{"name":"wp","href":"https:\/\/api.w.org\/{rel}","templated":true}]}}