{"id":6839,"date":"2019-09-21T16:26:50","date_gmt":"2019-09-21T16:26:50","guid":{"rendered":"https:\/\/jorgezanoni.com.br\/2019\/?p=6839"},"modified":"2019-09-21T16:47:33","modified_gmt":"2019-09-21T16:47:33","slug":"moradores-da-avenida-jose-bonifacio-reclamam-de-cratera-no-asfalto","status":"publish","type":"post","link":"https:\/\/jorgezanoni.com.br\/2019\/moradores-da-avenida-jose-bonifacio-reclamam-de-cratera-no-asfalto\/","title":{"rendered":"Moradores da avenida Jos\u00e9 Bonif\u00e1cio reclamam de cratera no asfalto"},"content":{"rendered":"<p style=\"text-align: justify;\">Moradores da avenida Jose Bonif\u00e1cio est\u00e3o preocupados e reclamam de uma cratera no asfalto em frente ao numeral 229 na Vila Barros.<\/p>\n<p><img loading=\"lazy\" decoding=\"async\" class=\"alignnone size-full wp-image-6840\" src=\"https:\/\/jorgezanoni.com.br\/2019\/wp-content\/uploads\/2019\/09\/jb1.jpg\" alt=\"\" width=\"1280\" height=\"720\" srcset=\"https:\/\/jorgezanoni.com.br\/2019\/wp-content\/uploads\/2019\/09\/jb1.jpg 1280w, https:\/\/jorgezanoni.com.br\/2019\/wp-content\/uploads\/2019\/09\/jb1-300x169.jpg 300w, https:\/\/jorgezanoni.com.br\/2019\/wp-content\/uploads\/2019\/09\/jb1-768x432.jpg 768w, https:\/\/jorgezanoni.com.br\/2019\/wp-content\/uploads\/2019\/09\/jb1-1024x576.jpg 1024w, https:\/\/jorgezanoni.com.br\/2019\/wp-content\/uploads\/2019\/09\/jb1-696x392.jpg 696w, https:\/\/jorgezanoni.com.br\/2019\/wp-content\/uploads\/2019\/09\/jb1-1068x601.jpg 1068w, https:\/\/jorgezanoni.com.br\/2019\/wp-content\/uploads\/2019\/09\/jb1-747x420.jpg 747w\" sizes=\"auto, (max-width: 1280px) 100vw, 1280px\" \/><\/p>\n<p style=\"text-align: justify;\">Segundo eles, j\u00e1 houve acidente com motos que devido ao buraco o motociclista acabou caindo ao solo. Pedem que alguma provid\u00eancia seja tomada pelos respons\u00e1veis.<\/p>\n<p style=\"text-align: justify;\">Jorge Zanoni<\/p>\n<p style=\"text-align: justify;\">Foto de Internauta<\/p>\n<p>&nbsp;<\/p>\n","protected":false},"excerpt":{"rendered":"<p>Moradores da avenida Jose Bonif\u00e1cio est\u00e3o preocupados e reclamam de uma cratera no asfalto em frente ao numeral 229 na Vila Barros. Segundo eles, j\u00e1 houve acidente com motos que devido ao buraco o motociclista acabou caindo ao solo. Pedem que alguma provid\u00eancia seja tomada pelos respons\u00e1veis. Jorge Zanoni Foto de Internauta &nbsp;<\/p>\n","protected":false},"author":1,"featured_media":6841,"comment_status":"closed","ping_status":"open","sticky":false,"template":"","format":"standard","meta":{"footnotes":""},"categories":[179,184],"tags":[],"class_list":["post-6839","post","type-post","status-publish","format-standard","has-post-thumbnail","hentry","category-cidadeseregiao","category-dracena"],"_links":{"self":[{"href":"https:\/\/jorgezanoni.com.br\/2019\/wp-json\/wp\/v2\/posts\/6839","targetHints":{"allow":["GET"]}}],"collection":[{"href":"https:\/\/jorgezanoni.com.br\/2019\/wp-json\/wp\/v2\/posts"}],"about":[{"href":"https:\/\/jorgezanoni.com.br\/2019\/wp-json\/wp\/v2\/types\/post"}],"author":[{"embeddable":true,"href":"https:\/\/jorgezanoni.com.br\/2019\/wp-json\/wp\/v2\/users\/1"}],"replies":[{"embeddable":true,"href":"https:\/\/jorgezanoni.com.br\/2019\/wp-json\/wp\/v2\/comments?post=6839"}],"version-history":[{"count":0,"href":"https:\/\/jorgezanoni.com.br\/2019\/wp-json\/wp\/v2\/posts\/6839\/revisions"}],"wp:featuredmedia":[{"embeddable":true,"href":"https:\/\/jorgezanoni.com.br\/2019\/wp-json\/wp\/v2\/media\/6841"}],"wp:attachment":[{"href":"https:\/\/jorgezanoni.com.br\/2019\/wp-json\/wp\/v2\/media?parent=6839"}],"wp:term":[{"taxonomy":"category","embeddable":true,"href":"https:\/\/jorgezanoni.com.br\/2019\/wp-json\/wp\/v2\/categories?post=6839"},{"taxonomy":"post_tag","embeddable":true,"href":"https:\/\/jorgezanoni.com.br\/2019\/wp-json\/wp\/v2\/tags?post=6839"}],"curies":[{"name":"wp","href":"https:\/\/api.w.org\/{rel}","templated":true}]}}