{"id":68381,"date":"2022-09-02T16:20:00","date_gmt":"2022-09-02T16:20:00","guid":{"rendered":"https:\/\/jorgezanoni.com.br\/2019\/?p=68381"},"modified":"2022-09-02T16:20:00","modified_gmt":"2022-09-02T16:20:00","slug":"matriculas-abertas-para-o-ensino-medio-integrado-a-jogos-digitais-no-cep-ume","status":"publish","type":"post","link":"https:\/\/jorgezanoni.com.br\/2019\/matriculas-abertas-para-o-ensino-medio-integrado-a-jogos-digitais-no-cep-ume\/","title":{"rendered":"Matr\u00edculas abertas para o Ensino M\u00e9dio Integrado a Jogos Digitais no CEP\/UME"},"content":{"rendered":"<p style=\"text-align: justify;\"><strong><span style=\"font-size: large;\"><i>Em apenas 3 anos conclua os estudos e conquiste uma forma\u00e7\u00e3o profissional.<\/i><\/span><\/strong><\/p>\n<p><span style=\"font-size: large;\">O CEP\/UME abriu as matr\u00edculas para quem vai iniciar o Ensino M\u00e9dio em 2023. O curso \u00e9 integrado ao itiner\u00e1rio formativo T\u00e9cnico em Jogos Digitais &#8211; e atende \u00e0s diretrizes do Novo Ensino M\u00e9dio do MEC, que vem sendo implantado em todo o pa\u00eds.<\/span><\/p>\n<p><span style=\"font-size: large;\">A diretora do CEP\/UME C\u00e1tia Afonso explica que os jovens ter\u00e3o toda a forma\u00e7\u00e3o dos tr\u00eas anos do Ensino M\u00e9dio ao mesmo tempo em que recebem a forma\u00e7\u00e3o profissional da \u00e1rea de tecnologia, voltada ao mercado de trabalho.<\/span><\/p>\n<p><span style=\"font-size: large;\">&#8220;Temos um curso integrado e isso quer dizer que n\u00e3o h\u00e1 aumento da carga hor\u00e1ria. Os alunos v\u00e3o concluir os estudos e conquistar uma forma\u00e7\u00e3o profissional ao mesmo tempo, em apenas 3 anos! Por isso, apenas quem for cursar o Ensino M\u00e9dio vai poder aproveitar essa oportunidade&#8221;, frisa a diretora.<\/span><\/p>\n<p><span style=\"font-size: large;\">Outro diferencial do Ensino M\u00e9dio Integrado a Jogos Digitais \u00e9 que ele utiliza as apostilas Maxi, sistema de ensino com mais de 30 anos de experi\u00eancia, refer\u00eancia em educa\u00e7\u00e3o no Brasil. O Maxi \u00e9 um dos grupos da Somos Educa\u00e7\u00e3o, que tamb\u00e9m mant\u00e9m os sistemas de ensino Anglo, Pit\u00e1goras, PH, entre outros.<\/span><\/p>\n<p><span style=\"font-size: large;\">Al\u00e9m da qualidade de forma\u00e7\u00e3o e da rapidez do curso, outro benef\u00edcio \u00e9 o valor da mensalidade, de\u00a0<\/span>R$ 499,00,<span style=\"font-size: large;\">\u00a0j\u00e1 com o material did\u00e1tico incluso.<\/span><\/p>\n<p><span style=\"font-size: large;\">As matr\u00edculas est\u00e3o abertas e os interessados precisam ter completado o Ensino Fundamental, ou estar concluindo em 2022, e ter disponibilidade para cursar as aulas no per\u00edodo da manh\u00e3.<\/span><\/p>\n<p><b><span style=\"font-size: large;\">MATR\u00cdCULAS ABERTAS<\/span><br \/>\n<span style=\"font-size: large;\">Ensino M\u00e9dio Integrado a Jogos Digitais<\/span><br \/>\n<\/b><span style=\"font-size: large;\"><b>Mensalidade<\/b>: R$ 499,00 (com material did\u00e1tico incluso)<\/span><br \/>\n<span style=\"font-size: large;\"><b>Tempo de dura\u00e7\u00e3o total<\/b>: 3 anos (estruturados em tr\u00eas s\u00e9ries sequenciais)<\/span><br \/>\n<span style=\"font-size: large;\"><b>Per\u00edodo<\/b>: matutino (das 7h \u00e0s 13h15)<\/span><br \/>\n<span style=\"font-size: large;\"><b>Carga hor\u00e1ria total<\/b>: 3.000 horas (1.800 horas de Forma\u00e7\u00e3o Geral B\u00e1sica e 1.200 horas de Forma\u00e7\u00e3o T\u00e9cnica e Profissional)<\/span><\/p>\n<p><b><span style=\"font-size: large;\">Matricule-se!<\/span><br \/>\n<\/b><span style=\"font-size: large;\"><b>Secretaria Geral<\/b>\u00a0(Rua Bahia, 322, Metr\u00f3pole &#8211; Dracena SP)<\/span><br \/>\n<span style=\"font-size: large;\"><b>Atendimento presencial<\/b>: de segunda a sexta-feira, em dois per\u00edodos: manh\u00e3, das 7h30 \u00e0s 12h, e noite, das 18h30 \u00e0s 21h.<\/span><br \/>\n<span style=\"font-size: large;\"><b>Informa\u00e7\u00f5es<\/b>: (18) 3821-9008 ou (18) 99634-0383 Whatsapp<\/span><\/p>\n<p>Fonte: Depto. de Comunica\u00e7\u00e3o da FUNDEC<\/p>\n","protected":false},"excerpt":{"rendered":"<p>Em apenas 3 anos conclua os estudos e conquiste uma forma\u00e7\u00e3o profissional. O CEP\/UME abriu as matr\u00edculas para quem vai iniciar o Ensino M\u00e9dio em 2023. O curso \u00e9 integrado ao itiner\u00e1rio formativo T\u00e9cnico em Jogos Digitais &#8211; e atende \u00e0s diretrizes do Novo Ensino M\u00e9dio do MEC, que vem sendo implantado em todo o [&hellip;]<\/p>\n","protected":false},"author":1,"featured_media":68382,"comment_status":"closed","ping_status":"open","sticky":false,"template":"","format":"standard","meta":{"footnotes":""},"categories":[110,122],"tags":[],"class_list":["post-68381","post","type-post","status-publish","format-standard","has-post-thumbnail","hentry","category-noticiasdestaque","category-saudeeducacaoeconcurso"],"_links":{"self":[{"href":"https:\/\/jorgezanoni.com.br\/2019\/wp-json\/wp\/v2\/posts\/68381","targetHints":{"allow":["GET"]}}],"collection":[{"href":"https:\/\/jorgezanoni.com.br\/2019\/wp-json\/wp\/v2\/posts"}],"about":[{"href":"https:\/\/jorgezanoni.com.br\/2019\/wp-json\/wp\/v2\/types\/post"}],"author":[{"embeddable":true,"href":"https:\/\/jorgezanoni.com.br\/2019\/wp-json\/wp\/v2\/users\/1"}],"replies":[{"embeddable":true,"href":"https:\/\/jorgezanoni.com.br\/2019\/wp-json\/wp\/v2\/comments?post=68381"}],"version-history":[{"count":1,"href":"https:\/\/jorgezanoni.com.br\/2019\/wp-json\/wp\/v2\/posts\/68381\/revisions"}],"predecessor-version":[{"id":68383,"href":"https:\/\/jorgezanoni.com.br\/2019\/wp-json\/wp\/v2\/posts\/68381\/revisions\/68383"}],"wp:featuredmedia":[{"embeddable":true,"href":"https:\/\/jorgezanoni.com.br\/2019\/wp-json\/wp\/v2\/media\/68382"}],"wp:attachment":[{"href":"https:\/\/jorgezanoni.com.br\/2019\/wp-json\/wp\/v2\/media?parent=68381"}],"wp:term":[{"taxonomy":"category","embeddable":true,"href":"https:\/\/jorgezanoni.com.br\/2019\/wp-json\/wp\/v2\/categories?post=68381"},{"taxonomy":"post_tag","embeddable":true,"href":"https:\/\/jorgezanoni.com.br\/2019\/wp-json\/wp\/v2\/tags?post=68381"}],"curies":[{"name":"wp","href":"https:\/\/api.w.org\/{rel}","templated":true}]}}