{"id":68378,"date":"2022-09-02T15:58:33","date_gmt":"2022-09-02T15:58:33","guid":{"rendered":"https:\/\/jorgezanoni.com.br\/2019\/?p=68378"},"modified":"2022-09-02T15:58:33","modified_gmt":"2022-09-02T15:58:33","slug":"policia-civil-e-oab-iniciam-atendimento-do-programa-oab-por-elas-na-ddm-de-dracena","status":"publish","type":"post","link":"https:\/\/jorgezanoni.com.br\/2019\/policia-civil-e-oab-iniciam-atendimento-do-programa-oab-por-elas-na-ddm-de-dracena\/","title":{"rendered":"Pol\u00edcia Civil e OAB iniciam atendimento do programa &#8220;OAB POR ELAS&#8217; na DDM de Dracena"},"content":{"rendered":"<p style=\"text-align: justify;\">A Pol\u00edcia Civil, por interm\u00e9dio da Delegacia de Defesa da Mulher, em parceria com a OAB\/Dracena, nesta quinta-feira (1\u00ba), iniciou o primeiro dia de atendimento do Programa OAB por Elas.<br \/>\nA parceria tem por objeto a conjuga\u00e7\u00e3o de esfor\u00e7os para a realiza\u00e7\u00e3o de atendimentos presenciais, por advogados(as) inscritos(as) na iniciativa OAB POR ELAS, consistente em orienta\u00e7\u00e3o jur\u00eddica para as Mulheres V\u00edtimas de Viol\u00eancia Dom\u00e9stica e Familiar, na sede da Delegacia de Defesa da Mulher de Dracena, situada na Rua Tom\u00e9 de Souza, n\u00ba 501, bem como dar informa\u00e7\u00e3o \u00e0s mulheres que se encontram em estado de vulnerabilidade de toda a rede de apoio disponibilizada para o seu acolhimento e fortalecimento.<br \/>\nNa oportunidade, se fez presente a Professora Simone Consoni, da Fundec desta cidade, que realizou atividades com os advogados volunt\u00e1rios e cadastrados no programa, para o acolhimento das mulheres.<br \/>\nNa oportunidade, tamb\u00e9m houve o comparecimento das primeiras mulheres as quais procuraram pelo servi\u00e7o gratuito de atendimento pelos advogados, os quais realizaram o atendimento humanizado e acolhedor para as mulheres v\u00edtimas de viol\u00eancia dom\u00e9stica e familiar, com o esclarecimento de d\u00favidas jur\u00eddicas quanto aos procedimentos judiciais que podem ser tomados em rela\u00e7\u00e3o ao agressor, contribuindo para o fortalecimento da v\u00edtima.<br \/>\nOs atendimentos s\u00e3o realizados \u00e0s quintas-feiras, das 9h \u00e0s 12h, na sede da DDM, em uma sala que destinada aos atendimentos da iniciativa \u201cOAB POR ELAS\u201d, que ficar\u00e3o suspensos durante o per\u00edodo de recesso forense, assim considerado de 20\/12 \u00e0 20\/01 de cada ano.<\/p>\n<p style=\"text-align: justify;\">Fonte: Com. Social Pol\u00edcia Civil<\/p>\n","protected":false},"excerpt":{"rendered":"<p>A Pol\u00edcia Civil, por interm\u00e9dio da Delegacia de Defesa da Mulher, em parceria com a OAB\/Dracena, nesta quinta-feira (1\u00ba), iniciou o primeiro dia de atendimento do Programa OAB por Elas. A parceria tem por objeto a conjuga\u00e7\u00e3o de esfor\u00e7os para a realiza\u00e7\u00e3o de atendimentos presenciais, por advogados(as) inscritos(as) na iniciativa OAB POR ELAS, consistente em [&hellip;]<\/p>\n","protected":false},"author":1,"featured_media":68379,"comment_status":"closed","ping_status":"open","sticky":false,"template":"","format":"standard","meta":{"footnotes":""},"categories":[110,2],"tags":[],"class_list":["post-68378","post","type-post","status-publish","format-standard","has-post-thumbnail","hentry","category-noticiasdestaque","category-policial"],"_links":{"self":[{"href":"https:\/\/jorgezanoni.com.br\/2019\/wp-json\/wp\/v2\/posts\/68378","targetHints":{"allow":["GET"]}}],"collection":[{"href":"https:\/\/jorgezanoni.com.br\/2019\/wp-json\/wp\/v2\/posts"}],"about":[{"href":"https:\/\/jorgezanoni.com.br\/2019\/wp-json\/wp\/v2\/types\/post"}],"author":[{"embeddable":true,"href":"https:\/\/jorgezanoni.com.br\/2019\/wp-json\/wp\/v2\/users\/1"}],"replies":[{"embeddable":true,"href":"https:\/\/jorgezanoni.com.br\/2019\/wp-json\/wp\/v2\/comments?post=68378"}],"version-history":[{"count":1,"href":"https:\/\/jorgezanoni.com.br\/2019\/wp-json\/wp\/v2\/posts\/68378\/revisions"}],"predecessor-version":[{"id":68380,"href":"https:\/\/jorgezanoni.com.br\/2019\/wp-json\/wp\/v2\/posts\/68378\/revisions\/68380"}],"wp:featuredmedia":[{"embeddable":true,"href":"https:\/\/jorgezanoni.com.br\/2019\/wp-json\/wp\/v2\/media\/68379"}],"wp:attachment":[{"href":"https:\/\/jorgezanoni.com.br\/2019\/wp-json\/wp\/v2\/media?parent=68378"}],"wp:term":[{"taxonomy":"category","embeddable":true,"href":"https:\/\/jorgezanoni.com.br\/2019\/wp-json\/wp\/v2\/categories?post=68378"},{"taxonomy":"post_tag","embeddable":true,"href":"https:\/\/jorgezanoni.com.br\/2019\/wp-json\/wp\/v2\/tags?post=68378"}],"curies":[{"name":"wp","href":"https:\/\/api.w.org\/{rel}","templated":true}]}}