{"id":68356,"date":"2022-09-01T17:23:45","date_gmt":"2022-09-01T17:23:45","guid":{"rendered":"https:\/\/jorgezanoni.com.br\/2019\/?p=68356"},"modified":"2022-09-01T17:23:45","modified_gmt":"2022-09-01T17:23:45","slug":"projeto-vem-dancar-da-asfa-competiu-na-adanpp-em-presidente-prudente","status":"publish","type":"post","link":"https:\/\/jorgezanoni.com.br\/2019\/projeto-vem-dancar-da-asfa-competiu-na-adanpp-em-presidente-prudente\/","title":{"rendered":"Projeto &#8220;Vem Dan\u00e7ar&#8221; da ASFA competiu na ADANPP em Presidente Prudente"},"content":{"rendered":"<p style=\"text-align: justify;\">No dia 20 de agosto, componentes do Projeto &#8220;Vem Dan\u00e7ar&#8221; da ASFA competiram na ADANPP em Presidente Prudente.<\/p>\n<p style=\"text-align: justify;\">A participa\u00e7\u00e3o da Coreografia foi um conjunto estilo livre avan\u00e7ado que n\u00e3o obteve classifica\u00e7\u00e3o, mas a m\u00e9dia dos jurados foi nota 7,1.<\/p>\n<p style=\"text-align: justify;\">O trio classificou em 3\u00b0 lugar na categoria estilo livre adulto. O primeiro ensaio foi numa tela de celular pq a professora estava em isolamento.<\/p>\n<p style=\"text-align: justify;\">As alunas Ana Laura Souza, L\u00edvia Spad\u00e1cio e Alicia Keisy s\u00e3o participantes h\u00e1 mais de 6 anos do Projeto. Tamb\u00e9m foram um duo categoria estilo livre avan\u00e7ado e classificados em 3\u00ba lugar. A professora B\u00e1rbara Zanatta dan\u00e7ou com a aluna Isabela Vit\u00f3ria.<\/p>\n<p style=\"text-align: justify;\">No total foram 17 bailarinas, sendo o \u00fanico grupo representando Dracena. Competiram escolas de de Pres. Prudente, Epit\u00e1cio, Bataguassu, Birigui, Venceslau, Sandovalina, Tupi Paulista.<\/p>\n<p style=\"text-align: justify;\">Tivemos a honra de sermos avaliados por Cecilia Kerche (1a. bailarina da escola municipal do RJ, Daniel Mendon\u00e7a (Escola de bailados de Ourinhos) e Regina Ribeiro (Bailarina do TMRJ).<\/p>\n<p style=\"text-align: justify;\">Agradecimentos especiais ao professor de teatro Vittor Finoto pelas dicas de express\u00e3o, \u00e0 Secretaria de Esportes, ao secret\u00e1rio Milton e ao F\u00e1bio por ceder o micro \u00f4nibus em parceria com a Secretaria de Educa\u00e7\u00e3o; agrade\u00e7emos a presidente do Projeto Cleide Martins, e a coordenadora Mirian Rodrigues pela confian\u00e7a, apoio e aos demais funcion\u00e1rios da ASFA. Agradecemos as 5 m\u00e3es que nos acompanharam na viagem: Ana Clara, Eliane, Marisa, Suely e Greice.<\/p>\n<p><img loading=\"lazy\" decoding=\"async\" class=\"alignnone size-full wp-image-68358\" src=\"https:\/\/jorgezanoni.com.br\/2019\/wp-content\/uploads\/2022\/09\/danca1.jpg\" alt=\"\" width=\"926\" height=\"913\" srcset=\"https:\/\/jorgezanoni.com.br\/2019\/wp-content\/uploads\/2022\/09\/danca1.jpg 926w, https:\/\/jorgezanoni.com.br\/2019\/wp-content\/uploads\/2022\/09\/danca1-300x296.jpg 300w, https:\/\/jorgezanoni.com.br\/2019\/wp-content\/uploads\/2022\/09\/danca1-768x757.jpg 768w, https:\/\/jorgezanoni.com.br\/2019\/wp-content\/uploads\/2022\/09\/danca1-696x686.jpg 696w, https:\/\/jorgezanoni.com.br\/2019\/wp-content\/uploads\/2022\/09\/danca1-426x420.jpg 426w\" sizes=\"auto, (max-width: 926px) 100vw, 926px\" \/> <img loading=\"lazy\" decoding=\"async\" class=\"alignnone size-full wp-image-68359\" src=\"https:\/\/jorgezanoni.com.br\/2019\/wp-content\/uploads\/2022\/09\/danca2.jpg\" alt=\"\" width=\"1142\" height=\"1142\" srcset=\"https:\/\/jorgezanoni.com.br\/2019\/wp-content\/uploads\/2022\/09\/danca2.jpg 1142w, https:\/\/jorgezanoni.com.br\/2019\/wp-content\/uploads\/2022\/09\/danca2-300x300.jpg 300w, https:\/\/jorgezanoni.com.br\/2019\/wp-content\/uploads\/2022\/09\/danca2-1024x1024.jpg 1024w, https:\/\/jorgezanoni.com.br\/2019\/wp-content\/uploads\/2022\/09\/danca2-150x150.jpg 150w, https:\/\/jorgezanoni.com.br\/2019\/wp-content\/uploads\/2022\/09\/danca2-768x768.jpg 768w, https:\/\/jorgezanoni.com.br\/2019\/wp-content\/uploads\/2022\/09\/danca2-696x696.jpg 696w, https:\/\/jorgezanoni.com.br\/2019\/wp-content\/uploads\/2022\/09\/danca2-1068x1068.jpg 1068w, https:\/\/jorgezanoni.com.br\/2019\/wp-content\/uploads\/2022\/09\/danca2-420x420.jpg 420w\" sizes=\"auto, (max-width: 1142px) 100vw, 1142px\" \/> <img loading=\"lazy\" decoding=\"async\" class=\"alignnone size-full wp-image-68360\" src=\"https:\/\/jorgezanoni.com.br\/2019\/wp-content\/uploads\/2022\/09\/danca3.jpg\" alt=\"\" width=\"1280\" height=\"1280\" srcset=\"https:\/\/jorgezanoni.com.br\/2019\/wp-content\/uploads\/2022\/09\/danca3.jpg 1280w, https:\/\/jorgezanoni.com.br\/2019\/wp-content\/uploads\/2022\/09\/danca3-300x300.jpg 300w, https:\/\/jorgezanoni.com.br\/2019\/wp-content\/uploads\/2022\/09\/danca3-1024x1024.jpg 1024w, https:\/\/jorgezanoni.com.br\/2019\/wp-content\/uploads\/2022\/09\/danca3-150x150.jpg 150w, https:\/\/jorgezanoni.com.br\/2019\/wp-content\/uploads\/2022\/09\/danca3-768x768.jpg 768w, https:\/\/jorgezanoni.com.br\/2019\/wp-content\/uploads\/2022\/09\/danca3-696x696.jpg 696w, https:\/\/jorgezanoni.com.br\/2019\/wp-content\/uploads\/2022\/09\/danca3-1068x1068.jpg 1068w, https:\/\/jorgezanoni.com.br\/2019\/wp-content\/uploads\/2022\/09\/danca3-420x420.jpg 420w\" sizes=\"auto, (max-width: 1280px) 100vw, 1280px\" \/> <img loading=\"lazy\" decoding=\"async\" class=\"alignnone size-full wp-image-68361\" src=\"https:\/\/jorgezanoni.com.br\/2019\/wp-content\/uploads\/2022\/09\/danca4.jpg\" alt=\"\" width=\"967\" height=\"900\" srcset=\"https:\/\/jorgezanoni.com.br\/2019\/wp-content\/uploads\/2022\/09\/danca4.jpg 967w, https:\/\/jorgezanoni.com.br\/2019\/wp-content\/uploads\/2022\/09\/danca4-300x279.jpg 300w, https:\/\/jorgezanoni.com.br\/2019\/wp-content\/uploads\/2022\/09\/danca4-768x715.jpg 768w, https:\/\/jorgezanoni.com.br\/2019\/wp-content\/uploads\/2022\/09\/danca4-696x648.jpg 696w, https:\/\/jorgezanoni.com.br\/2019\/wp-content\/uploads\/2022\/09\/danca4-451x420.jpg 451w\" sizes=\"auto, (max-width: 967px) 100vw, 967px\" \/><\/p>\n<p>Fonte: ASFA<\/p>\n<p>Apoio Site JZ<\/p>\n<p>&nbsp;<\/p>\n","protected":false},"excerpt":{"rendered":"<p>No dia 20 de agosto, componentes do Projeto &#8220;Vem Dan\u00e7ar&#8221; da ASFA competiram na ADANPP em Presidente Prudente. A participa\u00e7\u00e3o da Coreografia foi um conjunto estilo livre avan\u00e7ado que n\u00e3o obteve classifica\u00e7\u00e3o, mas a m\u00e9dia dos jurados foi nota 7,1. O trio classificou em 3\u00b0 lugar na categoria estilo livre adulto. O primeiro ensaio foi [&hellip;]<\/p>\n","protected":false},"author":1,"featured_media":68362,"comment_status":"closed","ping_status":"open","sticky":false,"template":"","format":"standard","meta":{"footnotes":""},"categories":[111,110],"tags":[],"class_list":["post-68356","post","type-post","status-publish","format-standard","has-post-thumbnail","hentry","category-esporteecultura","category-noticiasdestaque"],"_links":{"self":[{"href":"https:\/\/jorgezanoni.com.br\/2019\/wp-json\/wp\/v2\/posts\/68356","targetHints":{"allow":["GET"]}}],"collection":[{"href":"https:\/\/jorgezanoni.com.br\/2019\/wp-json\/wp\/v2\/posts"}],"about":[{"href":"https:\/\/jorgezanoni.com.br\/2019\/wp-json\/wp\/v2\/types\/post"}],"author":[{"embeddable":true,"href":"https:\/\/jorgezanoni.com.br\/2019\/wp-json\/wp\/v2\/users\/1"}],"replies":[{"embeddable":true,"href":"https:\/\/jorgezanoni.com.br\/2019\/wp-json\/wp\/v2\/comments?post=68356"}],"version-history":[{"count":1,"href":"https:\/\/jorgezanoni.com.br\/2019\/wp-json\/wp\/v2\/posts\/68356\/revisions"}],"predecessor-version":[{"id":68363,"href":"https:\/\/jorgezanoni.com.br\/2019\/wp-json\/wp\/v2\/posts\/68356\/revisions\/68363"}],"wp:featuredmedia":[{"embeddable":true,"href":"https:\/\/jorgezanoni.com.br\/2019\/wp-json\/wp\/v2\/media\/68362"}],"wp:attachment":[{"href":"https:\/\/jorgezanoni.com.br\/2019\/wp-json\/wp\/v2\/media?parent=68356"}],"wp:term":[{"taxonomy":"category","embeddable":true,"href":"https:\/\/jorgezanoni.com.br\/2019\/wp-json\/wp\/v2\/categories?post=68356"},{"taxonomy":"post_tag","embeddable":true,"href":"https:\/\/jorgezanoni.com.br\/2019\/wp-json\/wp\/v2\/tags?post=68356"}],"curies":[{"name":"wp","href":"https:\/\/api.w.org\/{rel}","templated":true}]}}