{"id":68334,"date":"2022-09-01T16:13:44","date_gmt":"2022-09-01T16:13:44","guid":{"rendered":"https:\/\/jorgezanoni.com.br\/2019\/?p=68334"},"modified":"2022-09-01T16:13:44","modified_gmt":"2022-09-01T16:13:44","slug":"docente-da-unifadra-conclui-mestrado-profa-fatima-simone-silva-pereira-consoni","status":"publish","type":"post","link":"https:\/\/jorgezanoni.com.br\/2019\/docente-da-unifadra-conclui-mestrado-profa-fatima-simone-silva-pereira-consoni\/","title":{"rendered":"Docente da Unifadra conclui mestrado &#8211; Profa. F\u00e1tima Simone Silva Pereira Consoni"},"content":{"rendered":"<p style=\"text-align: justify;\"><span style=\"font-size: large;\">A docente do curso de Psicologia da Unifadra Dracena Profa. F\u00e1tima Simone Silva Pereira Consoni fez sua apresenta\u00e7\u00e3o de defesa no dia 29 de agosto e concluiu o Mestrado em Psicologia pela Universidade Estadual Paulista &#8211; Unesp (Assis).<\/span><\/p>\n<p><span style=\"font-size: large;\">Com a disserta\u00e7\u00e3o &#8220;A perspectiva moral na forma\u00e7\u00e3o em Psicologia: o racioc\u00ednio moral em acad\u00eamicos do primeiro e do \u00faltimo ano de um curso de Psicologia&#8221;, a docente foi orientada pela\u00a0<\/span>Profa. Dra.<span style=\"font-size: large;\">\u00a0Rita Melissa Lepre, do Programa de P\u00f3s-Gradua\u00e7\u00e3o em Psicologia &#8211; UNESP\/FCL (Assis).<\/span><\/p>\n<p><span style=\"font-size: large;\">Na banca de avalia\u00e7\u00e3o, estiveram presentes o\u00a0<\/span>Prof. Dr.<span style=\"font-size: large;\">\u00a0Vitor de Morais Alves Evangelista, do Centro de Ci\u00eancias Humanas e da Educa\u00e7\u00e3o da UENP (Corn\u00e9lio Proc\u00f3pio) e a Profa.\u00a0<\/span>Dra.<span style=\"font-size: large;\">\u00a0Patr\u00edcia Unger Raphael Bataglia, do Departamento de Educa\u00e7\u00e3o e Desenvolvimento Humano &#8211; UNESP (Mar\u00edlia).<\/span><\/p>\n<p><span style=\"font-size: large;\">Segundo Simone Consoni, seu trabalho buscou compreender o desenvolvimento do racioc\u00ednio moral dos graduandos do curso de Psicologia com o objetivo de considerar as contribui\u00e7\u00f5es que a forma\u00e7\u00e3o em Psicologia pode oferecer no que diz respeito ao tema, a partir dos conte\u00fados da grade curricular, est\u00e1gios, dos cursos de extens\u00e3o, encontros cient\u00edficos e do ambiente acad\u00eamico como um todo.<\/span><\/p>\n<p><span style=\"font-size: large;\">&#8220;Essa pesquisa visa analisar e auxiliar o processo de forma\u00e7\u00e3o acad\u00eamica em face das discuss\u00f5es que envolvem o tema, colaborando com as pessoas envolvidas na estrutura\u00e7\u00e3o do curso e na forma\u00e7\u00e3o dos discentes, ao passo que aborda \u00a0quest\u00f5es de fundamental import\u00e2ncia para a pr\u00e1tica profissional, habilitando-os para que possam atuar nas mais variadas esferas da psicologia levando em considera\u00e7\u00e3o a demanda social&#8221;, ressalta Simone.<\/span><\/p>\n<p><span style=\"font-size: large;\">No decorrer do mestrado, a professora apresentou trabalhos relacionados \u00e0 pesquisa em congressos nacionais e internacionais, bem como escreveu tr\u00eas cap\u00edtulos de livros com o tema pesquisado.<\/span><\/p>\n<p><span style=\"font-size: large;\">A dire\u00e7\u00e3o acad\u00eamica e a coordena\u00e7\u00e3o da Unifadra parabenizam a professora F\u00e1tima Simone Silva Pereira Consoni pela conquista e ressaltam a import\u00e2ncia da busca cont\u00ednua do conhecimento para seu crescimento pessoal, bem como para a Institui\u00e7\u00e3o, que passa a contar no seu corpo docente com profissionais titulados, cada vez mais qualificados e sempre atualizados, contribuindo de forma significativa para o enriquecimento e o desenvolvimento do curso.<\/span><\/p>\n<p>Fonte: Depto. de Comunica\u00e7\u00e3o da Fundec<\/p>\n","protected":false},"excerpt":{"rendered":"<p>A docente do curso de Psicologia da Unifadra Dracena Profa. F\u00e1tima Simone Silva Pereira Consoni fez sua apresenta\u00e7\u00e3o de defesa no dia 29 de agosto e concluiu o Mestrado em Psicologia pela Universidade Estadual Paulista &#8211; Unesp (Assis). Com a disserta\u00e7\u00e3o &#8220;A perspectiva moral na forma\u00e7\u00e3o em Psicologia: o racioc\u00ednio moral em acad\u00eamicos do primeiro [&hellip;]<\/p>\n","protected":false},"author":1,"featured_media":68335,"comment_status":"closed","ping_status":"open","sticky":false,"template":"","format":"standard","meta":{"footnotes":""},"categories":[110,122],"tags":[],"class_list":["post-68334","post","type-post","status-publish","format-standard","has-post-thumbnail","hentry","category-noticiasdestaque","category-saudeeducacaoeconcurso"],"_links":{"self":[{"href":"https:\/\/jorgezanoni.com.br\/2019\/wp-json\/wp\/v2\/posts\/68334","targetHints":{"allow":["GET"]}}],"collection":[{"href":"https:\/\/jorgezanoni.com.br\/2019\/wp-json\/wp\/v2\/posts"}],"about":[{"href":"https:\/\/jorgezanoni.com.br\/2019\/wp-json\/wp\/v2\/types\/post"}],"author":[{"embeddable":true,"href":"https:\/\/jorgezanoni.com.br\/2019\/wp-json\/wp\/v2\/users\/1"}],"replies":[{"embeddable":true,"href":"https:\/\/jorgezanoni.com.br\/2019\/wp-json\/wp\/v2\/comments?post=68334"}],"version-history":[{"count":1,"href":"https:\/\/jorgezanoni.com.br\/2019\/wp-json\/wp\/v2\/posts\/68334\/revisions"}],"predecessor-version":[{"id":68336,"href":"https:\/\/jorgezanoni.com.br\/2019\/wp-json\/wp\/v2\/posts\/68334\/revisions\/68336"}],"wp:featuredmedia":[{"embeddable":true,"href":"https:\/\/jorgezanoni.com.br\/2019\/wp-json\/wp\/v2\/media\/68335"}],"wp:attachment":[{"href":"https:\/\/jorgezanoni.com.br\/2019\/wp-json\/wp\/v2\/media?parent=68334"}],"wp:term":[{"taxonomy":"category","embeddable":true,"href":"https:\/\/jorgezanoni.com.br\/2019\/wp-json\/wp\/v2\/categories?post=68334"},{"taxonomy":"post_tag","embeddable":true,"href":"https:\/\/jorgezanoni.com.br\/2019\/wp-json\/wp\/v2\/tags?post=68334"}],"curies":[{"name":"wp","href":"https:\/\/api.w.org\/{rel}","templated":true}]}}