{"id":6827,"date":"2019-09-21T12:34:40","date_gmt":"2019-09-21T12:34:40","guid":{"rendered":"https:\/\/jorgezanoni.com.br\/2019\/?p=6827"},"modified":"2019-09-21T16:05:26","modified_gmt":"2019-09-21T16:05:26","slug":"moradores-da-rua-paulo-penko-estao-preocupados-com-residencia","status":"publish","type":"post","link":"https:\/\/jorgezanoni.com.br\/2019\/moradores-da-rua-paulo-penko-estao-preocupados-com-residencia\/","title":{"rendered":"Moradores da rua Paulo Penko est\u00e3o preocupados com resid\u00eancia"},"content":{"rendered":"<p style=\"text-align: justify;\">Moradores da rua Paulo Penko na Vila Correia, enviaram imagens para a reda\u00e7\u00e3o do Site JZ, reclamando que j\u00e1 pediram provid\u00eancias junto \u00e0 Prefeitura e Vigil\u00e2ncia Sanit\u00e1ria por in\u00fameras vezes sobre uma casa que tem muito material acumulado e nunca foram atendidos.<\/p>\n<p><img loading=\"lazy\" decoding=\"async\" class=\"alignnone size-full wp-image-6828\" src=\"https:\/\/jorgezanoni.com.br\/2019\/wp-content\/uploads\/2019\/09\/pp.jpg\" alt=\"\" width=\"1280\" height=\"720\" srcset=\"https:\/\/jorgezanoni.com.br\/2019\/wp-content\/uploads\/2019\/09\/pp.jpg 1280w, https:\/\/jorgezanoni.com.br\/2019\/wp-content\/uploads\/2019\/09\/pp-300x169.jpg 300w, https:\/\/jorgezanoni.com.br\/2019\/wp-content\/uploads\/2019\/09\/pp-768x432.jpg 768w, https:\/\/jorgezanoni.com.br\/2019\/wp-content\/uploads\/2019\/09\/pp-1024x576.jpg 1024w, https:\/\/jorgezanoni.com.br\/2019\/wp-content\/uploads\/2019\/09\/pp-696x392.jpg 696w, https:\/\/jorgezanoni.com.br\/2019\/wp-content\/uploads\/2019\/09\/pp-1068x601.jpg 1068w, https:\/\/jorgezanoni.com.br\/2019\/wp-content\/uploads\/2019\/09\/pp-747x420.jpg 747w\" sizes=\"auto, (max-width: 1280px) 100vw, 1280px\" \/><\/p>\n<p style=\"text-align: justify;\">Nenhuma provid\u00eancia foi tomada at\u00e9 agora e todos est\u00e3o preocupados com as apari\u00e7\u00f5es constantes de Escorpi\u00f5es. Uma das vizinhas que tem duas crian\u00e7as e j\u00e1 havia encontrado\u00a0alguns desses animais pe\u00e7onhentos acabou se mudando do local por medo.<\/p>\n<p><img loading=\"lazy\" decoding=\"async\" class=\"alignnone size-full wp-image-6832\" src=\"https:\/\/jorgezanoni.com.br\/2019\/wp-content\/uploads\/2019\/09\/pp2-1.jpg\" alt=\"\" width=\"1280\" height=\"720\" srcset=\"https:\/\/jorgezanoni.com.br\/2019\/wp-content\/uploads\/2019\/09\/pp2-1.jpg 1280w, https:\/\/jorgezanoni.com.br\/2019\/wp-content\/uploads\/2019\/09\/pp2-1-300x169.jpg 300w, https:\/\/jorgezanoni.com.br\/2019\/wp-content\/uploads\/2019\/09\/pp2-1-768x432.jpg 768w, https:\/\/jorgezanoni.com.br\/2019\/wp-content\/uploads\/2019\/09\/pp2-1-1024x576.jpg 1024w, https:\/\/jorgezanoni.com.br\/2019\/wp-content\/uploads\/2019\/09\/pp2-1-696x392.jpg 696w, https:\/\/jorgezanoni.com.br\/2019\/wp-content\/uploads\/2019\/09\/pp2-1-1068x601.jpg 1068w, https:\/\/jorgezanoni.com.br\/2019\/wp-content\/uploads\/2019\/09\/pp2-1-747x420.jpg 747w\" sizes=\"auto, (max-width: 1280px) 100vw, 1280px\" \/><\/p>\n<p style=\"text-align: justify;\">Est\u00e3o pedindo provid\u00eancias junto ao setor competente antes que algu\u00e9m seja picado e algo pior possa acontecer.<\/p>\n<p style=\"text-align: justify;\">Jorge Zanoni<\/p>\n<p>Fotos de Internauta<\/p>\n","protected":false},"excerpt":{"rendered":"<p>Moradores da rua Paulo Penko na Vila Correia, enviaram imagens para a reda\u00e7\u00e3o do Site JZ, reclamando que j\u00e1 pediram provid\u00eancias junto \u00e0 Prefeitura e Vigil\u00e2ncia Sanit\u00e1ria por in\u00fameras vezes sobre uma casa que tem muito material acumulado e nunca foram atendidos. Nenhuma provid\u00eancia foi tomada at\u00e9 agora e todos est\u00e3o preocupados com as apari\u00e7\u00f5es [&hellip;]<\/p>\n","protected":false},"author":1,"featured_media":6830,"comment_status":"closed","ping_status":"open","sticky":false,"template":"","format":"standard","meta":{"footnotes":""},"categories":[179,184,110],"tags":[],"class_list":["post-6827","post","type-post","status-publish","format-standard","has-post-thumbnail","hentry","category-cidadeseregiao","category-dracena","category-noticiasdestaque"],"_links":{"self":[{"href":"https:\/\/jorgezanoni.com.br\/2019\/wp-json\/wp\/v2\/posts\/6827","targetHints":{"allow":["GET"]}}],"collection":[{"href":"https:\/\/jorgezanoni.com.br\/2019\/wp-json\/wp\/v2\/posts"}],"about":[{"href":"https:\/\/jorgezanoni.com.br\/2019\/wp-json\/wp\/v2\/types\/post"}],"author":[{"embeddable":true,"href":"https:\/\/jorgezanoni.com.br\/2019\/wp-json\/wp\/v2\/users\/1"}],"replies":[{"embeddable":true,"href":"https:\/\/jorgezanoni.com.br\/2019\/wp-json\/wp\/v2\/comments?post=6827"}],"version-history":[{"count":0,"href":"https:\/\/jorgezanoni.com.br\/2019\/wp-json\/wp\/v2\/posts\/6827\/revisions"}],"wp:featuredmedia":[{"embeddable":true,"href":"https:\/\/jorgezanoni.com.br\/2019\/wp-json\/wp\/v2\/media\/6830"}],"wp:attachment":[{"href":"https:\/\/jorgezanoni.com.br\/2019\/wp-json\/wp\/v2\/media?parent=6827"}],"wp:term":[{"taxonomy":"category","embeddable":true,"href":"https:\/\/jorgezanoni.com.br\/2019\/wp-json\/wp\/v2\/categories?post=6827"},{"taxonomy":"post_tag","embeddable":true,"href":"https:\/\/jorgezanoni.com.br\/2019\/wp-json\/wp\/v2\/tags?post=6827"}],"curies":[{"name":"wp","href":"https:\/\/api.w.org\/{rel}","templated":true}]}}