{"id":68265,"date":"2022-08-30T13:14:40","date_gmt":"2022-08-30T13:14:40","guid":{"rendered":"https:\/\/jorgezanoni.com.br\/2019\/?p=68265"},"modified":"2022-08-30T13:14:40","modified_gmt":"2022-08-30T13:14:40","slug":"fretista-e-enganado-com-suposta-entrega-e-tem-camionete-roubada-em-estrada-vicinal","status":"publish","type":"post","link":"https:\/\/jorgezanoni.com.br\/2019\/fretista-e-enganado-com-suposta-entrega-e-tem-camionete-roubada-em-estrada-vicinal\/","title":{"rendered":"Fretista \u00e9 enganado com suposta entrega e tem camionete roubada em estrada vicinal"},"content":{"rendered":"<h2 class=\"content-head__subtitle\" style=\"text-align: justify;\"><strong>Homem foi abordado por ladr\u00f5es armados quando chegou ao local combinado e precisou pegar uma carona para ir depor na delegacia.<\/strong><\/h2>\n<div class=\"mc-column content-text active-extra-styles active-capital-letter\" data-block-type=\"unstyled\" data-block-weight=\"27\" data-block-id=\"2\">\n<p class=\"content-text__container theme-color-primary-first-letter\" style=\"text-align: justify;\" data-track-category=\"Link no Texto\" data-track-links=\"\">A Pol\u00edcia Civil registrou, nesta segunda-feira (29), um roubo de ve\u00edculo na estrada vicinal Elias Salom\u00e3o, que liga os munic\u00edpios de\u00a0<a href=\"https:\/\/g1.globo.com\/sp\/presidente-prudente-regiao\/cidade\/regente-feijo\/\">Regente Feij\u00f3 (SP)<\/a>\u00a0e\u00a0<a href=\"https:\/\/g1.globo.com\/sp\/presidente-prudente-regiao\/cidade\/indiana\/\">Indiana (SP)<\/a>.<\/p>\n<\/div>\n<div class=\"wall protected-content\">\n<div class=\"mc-column content-text active-extra-styles \" style=\"text-align: justify;\" data-block-type=\"unstyled\" data-block-weight=\"35\" data-block-id=\"3\">\n<p class=\"content-text__container \" data-track-category=\"Link no Texto\" data-track-links=\"\">Segundo os policiais, a v\u00edtima trabalha com fretes e, ao chegar ao local combinado para uma suposta entrega, foi abordado por dois homens que estavam armados. Os bandidos renderam o rapaz e levaram a camionete.<\/p>\n<\/div>\n<div class=\"mc-column content-text active-extra-styles \" style=\"text-align: justify;\" data-block-type=\"unstyled\" data-block-weight=\"28\" data-block-id=\"4\">\n<p class=\"content-text__container \" data-track-category=\"Link no Texto\" data-track-links=\"\">Ainda de acordo com a Pol\u00edcia, o homem precisou pegar uma carona para ir depor na delegacia, j\u00e1 que o carro foi levado. O homem n\u00e3o sofreu ferimentos.<\/p>\n<\/div>\n<div class=\"mc-column content-text active-extra-styles \" style=\"text-align: justify;\" data-block-type=\"unstyled\" data-block-weight=\"17\" data-block-id=\"5\">\n<p class=\"content-text__container \" data-track-category=\"Link no Texto\" data-track-links=\"\">A Pol\u00edcia Militar confirmou o crime, por\u00e9m, disse que todo o atendimento foi registrado pela Pol\u00edcia Civil.<\/p>\n<\/div>\n<div class=\"mc-column content-text active-extra-styles \" data-block-type=\"unstyled\" data-block-weight=\"5\" data-block-id=\"6\">\n<p class=\"content-text__container \" style=\"text-align: justify;\" data-track-category=\"Link no Texto\" data-track-links=\"\">O caso est\u00e1 sendo investigado.<\/p>\n<p data-track-category=\"Link no Texto\" data-track-links=\"\">Fonte: G1<\/p>\n<p style=\"text-align: justify;\" data-track-category=\"Link no Texto\" data-track-links=\"\">NOTA: Um morador de Dracena que \u00e9 parente da v\u00edtima, enviou imagens e dados da Caminhonete ao Site JZ.<\/p>\n<p style=\"text-align: justify;\" data-track-category=\"Link no Texto\" data-track-links=\"\">PLACAS MERCOSUL:\u00a0BGZ7J47<\/p>\n<p data-track-category=\"Link no Texto\" data-track-links=\"\"><img loading=\"lazy\" decoding=\"async\" class=\"alignnone size-full wp-image-68266\" src=\"https:\/\/jorgezanoni.com.br\/2019\/wp-content\/uploads\/2022\/08\/roubo.jpg\" alt=\"\" width=\"540\" height=\"1135\" srcset=\"https:\/\/jorgezanoni.com.br\/2019\/wp-content\/uploads\/2022\/08\/roubo.jpg 540w, https:\/\/jorgezanoni.com.br\/2019\/wp-content\/uploads\/2022\/08\/roubo-143x300.jpg 143w, https:\/\/jorgezanoni.com.br\/2019\/wp-content\/uploads\/2022\/08\/roubo-487x1024.jpg 487w, https:\/\/jorgezanoni.com.br\/2019\/wp-content\/uploads\/2022\/08\/roubo-200x420.jpg 200w\" sizes=\"auto, (max-width: 540px) 100vw, 540px\" \/><\/p>\n<\/div>\n<\/div>\n","protected":false},"excerpt":{"rendered":"<p>Homem foi abordado por ladr\u00f5es armados quando chegou ao local combinado e precisou pegar uma carona para ir depor na delegacia. A Pol\u00edcia Civil registrou, nesta segunda-feira (29), um roubo de ve\u00edculo na estrada vicinal Elias Salom\u00e3o, que liga os munic\u00edpios de\u00a0Regente Feij\u00f3 (SP)\u00a0e\u00a0Indiana (SP). Segundo os policiais, a v\u00edtima trabalha com fretes e, ao [&hellip;]<\/p>\n","protected":false},"author":1,"featured_media":68268,"comment_status":"closed","ping_status":"open","sticky":false,"template":"","format":"standard","meta":{"footnotes":""},"categories":[110,2],"tags":[],"class_list":["post-68265","post","type-post","status-publish","format-standard","has-post-thumbnail","hentry","category-noticiasdestaque","category-policial"],"_links":{"self":[{"href":"https:\/\/jorgezanoni.com.br\/2019\/wp-json\/wp\/v2\/posts\/68265","targetHints":{"allow":["GET"]}}],"collection":[{"href":"https:\/\/jorgezanoni.com.br\/2019\/wp-json\/wp\/v2\/posts"}],"about":[{"href":"https:\/\/jorgezanoni.com.br\/2019\/wp-json\/wp\/v2\/types\/post"}],"author":[{"embeddable":true,"href":"https:\/\/jorgezanoni.com.br\/2019\/wp-json\/wp\/v2\/users\/1"}],"replies":[{"embeddable":true,"href":"https:\/\/jorgezanoni.com.br\/2019\/wp-json\/wp\/v2\/comments?post=68265"}],"version-history":[{"count":1,"href":"https:\/\/jorgezanoni.com.br\/2019\/wp-json\/wp\/v2\/posts\/68265\/revisions"}],"predecessor-version":[{"id":68269,"href":"https:\/\/jorgezanoni.com.br\/2019\/wp-json\/wp\/v2\/posts\/68265\/revisions\/68269"}],"wp:featuredmedia":[{"embeddable":true,"href":"https:\/\/jorgezanoni.com.br\/2019\/wp-json\/wp\/v2\/media\/68268"}],"wp:attachment":[{"href":"https:\/\/jorgezanoni.com.br\/2019\/wp-json\/wp\/v2\/media?parent=68265"}],"wp:term":[{"taxonomy":"category","embeddable":true,"href":"https:\/\/jorgezanoni.com.br\/2019\/wp-json\/wp\/v2\/categories?post=68265"},{"taxonomy":"post_tag","embeddable":true,"href":"https:\/\/jorgezanoni.com.br\/2019\/wp-json\/wp\/v2\/tags?post=68265"}],"curies":[{"name":"wp","href":"https:\/\/api.w.org\/{rel}","templated":true}]}}