{"id":68246,"date":"2022-08-29T20:41:14","date_gmt":"2022-08-29T20:41:14","guid":{"rendered":"https:\/\/jorgezanoni.com.br\/2019\/?p=68246"},"modified":"2022-08-29T20:41:14","modified_gmt":"2022-08-29T20:41:14","slug":"inscricoes-abertas-para-o-vestibulinho-do-colegio-anglo-cid-2","status":"publish","type":"post","link":"https:\/\/jorgezanoni.com.br\/2019\/inscricoes-abertas-para-o-vestibulinho-do-colegio-anglo-cid-2\/","title":{"rendered":"Inscri\u00e7\u00f5es abertas para o Vestibulinho do Col\u00e9gio Anglo-CID"},"content":{"rendered":"<p style=\"text-align: justify;\"><strong><span style=\"font-size: large;\"><i>As vagas s\u00e3o para o 6\u00ba ano do Ensino Fundamental (2023).<\/i><\/span><\/strong><\/p>\n<p><span style=\"font-size: large;\">At\u00e9 o dia 12 de setembro, os alunos matriculados no 5\u00ba ano do ensino fundamental de escola p\u00fablica e particular podem se inscrever para o Vestibulinho do Col\u00e9gio Anglo-CID. A participa\u00e7\u00e3o \u00e9 gratuita e os primeiros classificados recebem bolsa de estudo. As inscri\u00e7\u00f5es devem ser feitas exclusivamente pelo site\u00a0<a href=\"http:\/\/www.fundec.edu.br\/anglocid\" target=\"_blank\" rel=\"noopener noreferrer\">www.fundec.edu.br\/anglocid<\/a>\u00a0. A prova ser\u00e1 realizada no dia 16 de setembro, \u00e0s 14h, no pr\u00f3prio col\u00e9gio.<\/span><\/p>\n<p><span style=\"font-size: large;\">&#8220;Essas bolsas s\u00e3o um benef\u00edcio que pode se estender at\u00e9 o 9\u00ba ano do Ensino Fundamental, conforme o desempenho escolar e o comprometimento do aluno&#8221;, ressalta a diretora Eul\u00e1lia Pires Fava explicando que s\u00e3o oferecidas quatro bolsas, sendo duas para alunos de escolas p\u00fablicas (50% e 35%) e duas para alunos de escolas particulares (50% e 35%).<\/span><\/p>\n<p><span style=\"font-size: large;\">Esse Vestibulinho vai avaliar os candidatos com base no conte\u00fado abordado no Ensino Fundamental I e a prova ter\u00e1 quest\u00f5es de Matem\u00e1tica, L\u00edngua Portuguesa e Conhecimentos Gerais. O resultado ser\u00e1 divulgado no dia 3 de outubro.<\/span><\/p>\n<p><span style=\"font-size: large;\"><b>Inscri\u00e7\u00f5es para o Vestibulinho do Col\u00e9gio Anglo-CID<\/b><\/span><br \/>\n<span style=\"font-size: large;\">Vagas para o 6\u00ba ano do Ensino Fundamental (2023)<\/span><br \/>\n<span style=\"font-size: large;\"><b>Acesse<\/b>:\u00a0<a href=\"http:\/\/www.fundec.edu.br\/anglocid\" target=\"_blank\" rel=\"noopener noreferrer\">www.fundec.edu.br\/anglocid<\/a><\/span><\/p>\n<p>Fonte: Depto. de Comunica\u00e7\u00e3o da Fundec<\/p>\n","protected":false},"excerpt":{"rendered":"<p>As vagas s\u00e3o para o 6\u00ba ano do Ensino Fundamental (2023). At\u00e9 o dia 12 de setembro, os alunos matriculados no 5\u00ba ano do ensino fundamental de escola p\u00fablica e particular podem se inscrever para o Vestibulinho do Col\u00e9gio Anglo-CID. A participa\u00e7\u00e3o \u00e9 gratuita e os primeiros classificados recebem bolsa de estudo. As inscri\u00e7\u00f5es devem [&hellip;]<\/p>\n","protected":false},"author":1,"featured_media":68247,"comment_status":"closed","ping_status":"open","sticky":false,"template":"","format":"standard","meta":{"footnotes":""},"categories":[110,122],"tags":[],"class_list":["post-68246","post","type-post","status-publish","format-standard","has-post-thumbnail","hentry","category-noticiasdestaque","category-saudeeducacaoeconcurso"],"_links":{"self":[{"href":"https:\/\/jorgezanoni.com.br\/2019\/wp-json\/wp\/v2\/posts\/68246","targetHints":{"allow":["GET"]}}],"collection":[{"href":"https:\/\/jorgezanoni.com.br\/2019\/wp-json\/wp\/v2\/posts"}],"about":[{"href":"https:\/\/jorgezanoni.com.br\/2019\/wp-json\/wp\/v2\/types\/post"}],"author":[{"embeddable":true,"href":"https:\/\/jorgezanoni.com.br\/2019\/wp-json\/wp\/v2\/users\/1"}],"replies":[{"embeddable":true,"href":"https:\/\/jorgezanoni.com.br\/2019\/wp-json\/wp\/v2\/comments?post=68246"}],"version-history":[{"count":1,"href":"https:\/\/jorgezanoni.com.br\/2019\/wp-json\/wp\/v2\/posts\/68246\/revisions"}],"predecessor-version":[{"id":68248,"href":"https:\/\/jorgezanoni.com.br\/2019\/wp-json\/wp\/v2\/posts\/68246\/revisions\/68248"}],"wp:featuredmedia":[{"embeddable":true,"href":"https:\/\/jorgezanoni.com.br\/2019\/wp-json\/wp\/v2\/media\/68247"}],"wp:attachment":[{"href":"https:\/\/jorgezanoni.com.br\/2019\/wp-json\/wp\/v2\/media?parent=68246"}],"wp:term":[{"taxonomy":"category","embeddable":true,"href":"https:\/\/jorgezanoni.com.br\/2019\/wp-json\/wp\/v2\/categories?post=68246"},{"taxonomy":"post_tag","embeddable":true,"href":"https:\/\/jorgezanoni.com.br\/2019\/wp-json\/wp\/v2\/tags?post=68246"}],"curies":[{"name":"wp","href":"https:\/\/api.w.org\/{rel}","templated":true}]}}