{"id":68142,"date":"2022-08-27T20:20:51","date_gmt":"2022-08-27T20:20:51","guid":{"rendered":"https:\/\/jorgezanoni.com.br\/2019\/?p=68142"},"modified":"2022-08-27T20:20:51","modified_gmt":"2022-08-27T20:20:51","slug":"morre-marcia-sevilha-rodrigues-ex-moradora-de-dracena","status":"publish","type":"post","link":"https:\/\/jorgezanoni.com.br\/2019\/morre-marcia-sevilha-rodrigues-ex-moradora-de-dracena\/","title":{"rendered":"Morre Marcia Sevilha Rodrigues, ex-moradora de Dracena"},"content":{"rendered":"<p style=\"text-align: justify;\">Comunicamos com pesar o falecimento de\u00a0Marcia Sevilha Rodrigues Miranda, na cidade de S\u00e3o Paulo. Ela lutava contra um c\u00e2ncer e acabou n\u00e3o resistindo vindo a \u00f3bito neste s\u00e1bado (27).<\/p>\n<p style=\"text-align: justify;\">\u00c9 irm\u00e3 da Fot\u00f3grafa Roseli Sevilha e da Ros\u00e2ngela.<\/p>\n<p style=\"text-align: justify;\">Seu corpo ser\u00e1 velado amanh\u00e3 (28) no Memorial Parque Paulista, na Rua Dr. Jorge Balduzzi, 520, Jardim Mimas, Emb\u00fa das Artes. (Fone (11) 4704-4922), das 08:30 \u00e0s 12:30, onde em seguida ser\u00e1 cremado.<\/p>\n<p style=\"text-align: justify;\">O Site JZ se solidariza com a fam\u00edlia e amigos neste dif\u00edcil momento.<\/p>\n<p style=\"text-align: justify;\">Jorge Zanoni<\/p>\n","protected":false},"excerpt":{"rendered":"<p>Comunicamos com pesar o falecimento de\u00a0Marcia Sevilha Rodrigues Miranda, na cidade de S\u00e3o Paulo. Ela lutava contra um c\u00e2ncer e acabou n\u00e3o resistindo vindo a \u00f3bito neste s\u00e1bado (27). \u00c9 irm\u00e3 da Fot\u00f3grafa Roseli Sevilha e da Ros\u00e2ngela. Seu corpo ser\u00e1 velado amanh\u00e3 (28) no Memorial Parque Paulista, na Rua Dr. Jorge Balduzzi, 520, Jardim [&hellip;]<\/p>\n","protected":false},"author":1,"featured_media":68143,"comment_status":"closed","ping_status":"open","sticky":false,"template":"","format":"standard","meta":{"footnotes":""},"categories":[178,110],"tags":[],"class_list":["post-68142","post","type-post","status-publish","format-standard","has-post-thumbnail","hentry","category-notadefalecimento","category-noticiasdestaque"],"_links":{"self":[{"href":"https:\/\/jorgezanoni.com.br\/2019\/wp-json\/wp\/v2\/posts\/68142","targetHints":{"allow":["GET"]}}],"collection":[{"href":"https:\/\/jorgezanoni.com.br\/2019\/wp-json\/wp\/v2\/posts"}],"about":[{"href":"https:\/\/jorgezanoni.com.br\/2019\/wp-json\/wp\/v2\/types\/post"}],"author":[{"embeddable":true,"href":"https:\/\/jorgezanoni.com.br\/2019\/wp-json\/wp\/v2\/users\/1"}],"replies":[{"embeddable":true,"href":"https:\/\/jorgezanoni.com.br\/2019\/wp-json\/wp\/v2\/comments?post=68142"}],"version-history":[{"count":1,"href":"https:\/\/jorgezanoni.com.br\/2019\/wp-json\/wp\/v2\/posts\/68142\/revisions"}],"predecessor-version":[{"id":68144,"href":"https:\/\/jorgezanoni.com.br\/2019\/wp-json\/wp\/v2\/posts\/68142\/revisions\/68144"}],"wp:featuredmedia":[{"embeddable":true,"href":"https:\/\/jorgezanoni.com.br\/2019\/wp-json\/wp\/v2\/media\/68143"}],"wp:attachment":[{"href":"https:\/\/jorgezanoni.com.br\/2019\/wp-json\/wp\/v2\/media?parent=68142"}],"wp:term":[{"taxonomy":"category","embeddable":true,"href":"https:\/\/jorgezanoni.com.br\/2019\/wp-json\/wp\/v2\/categories?post=68142"},{"taxonomy":"post_tag","embeddable":true,"href":"https:\/\/jorgezanoni.com.br\/2019\/wp-json\/wp\/v2\/tags?post=68142"}],"curies":[{"name":"wp","href":"https:\/\/api.w.org\/{rel}","templated":true}]}}