{"id":68128,"date":"2022-08-27T13:20:00","date_gmt":"2022-08-27T13:20:00","guid":{"rendered":"https:\/\/jorgezanoni.com.br\/2019\/?p=68128"},"modified":"2022-08-27T13:26:57","modified_gmt":"2022-08-27T13:26:57","slug":"capotamento-nesta-manha-na-vicinal-da-pousada-bom-samaritano","status":"publish","type":"post","link":"https:\/\/jorgezanoni.com.br\/2019\/capotamento-nesta-manha-na-vicinal-da-pousada-bom-samaritano\/","title":{"rendered":"Capotamento nesta manh\u00e3 na Vicinal da Pousada Bom Samaritano"},"content":{"rendered":"<p style=\"text-align: justify;\"><strong>Acidente aconteceu no KM. 2,5 da Vicinal M\u00e1rio Covas que liga Dracena a Junqueir\u00f3polis, passando pela Pousada Bom Samaritano.<\/strong><\/p>\n<p style=\"text-align: justify;\">O fato aconteceu por volta de 07:20 Horas da manh\u00e3 deste s\u00e1bado (27). Segundo informa\u00e7\u00f5es de populares, o ve\u00edculo fazia o sentido Dracena a Pousada quando em uma curva ficou desgovernado e capotou.<\/p>\n<p style=\"text-align: justify;\">Ainda segundo as informa\u00e7\u00f5es recebidas pela reportagem do Site JZ, haviam dois homens e tr\u00eas mulheres que abandonaram o ve\u00edculo e seguiram no sentido a Dracena a p\u00e9.<\/p>\n<p style=\"text-align: justify;\">Uma cerca de uma propriedade rural al\u00e9m do ve\u00edculo, sofreram danos materiais.<\/p>\n<p><img loading=\"lazy\" decoding=\"async\" class=\"alignnone size-full wp-image-68135\" src=\"https:\/\/jorgezanoni.com.br\/2019\/wp-content\/uploads\/2022\/08\/capote-2-1.jpg\" alt=\"\" width=\"500\" height=\"745\" srcset=\"https:\/\/jorgezanoni.com.br\/2019\/wp-content\/uploads\/2022\/08\/capote-2-1.jpg 500w, https:\/\/jorgezanoni.com.br\/2019\/wp-content\/uploads\/2022\/08\/capote-2-1-201x300.jpg 201w, https:\/\/jorgezanoni.com.br\/2019\/wp-content\/uploads\/2022\/08\/capote-2-1-282x420.jpg 282w\" sizes=\"auto, (max-width: 500px) 100vw, 500px\" \/> <img loading=\"lazy\" decoding=\"async\" class=\"alignnone size-full wp-image-68136\" src=\"https:\/\/jorgezanoni.com.br\/2019\/wp-content\/uploads\/2022\/08\/capote1-2-1.jpg\" alt=\"\" width=\"500\" height=\"819\" srcset=\"https:\/\/jorgezanoni.com.br\/2019\/wp-content\/uploads\/2022\/08\/capote1-2-1.jpg 500w, https:\/\/jorgezanoni.com.br\/2019\/wp-content\/uploads\/2022\/08\/capote1-2-1-183x300.jpg 183w, https:\/\/jorgezanoni.com.br\/2019\/wp-content\/uploads\/2022\/08\/capote1-2-1-256x420.jpg 256w\" sizes=\"auto, (max-width: 500px) 100vw, 500px\" \/><\/p>\n<p><img loading=\"lazy\" decoding=\"async\" class=\"alignnone size-full wp-image-68131\" src=\"https:\/\/jorgezanoni.com.br\/2019\/wp-content\/uploads\/2022\/08\/capote2-2.jpg\" alt=\"\" width=\"500\" height=\"549\" srcset=\"https:\/\/jorgezanoni.com.br\/2019\/wp-content\/uploads\/2022\/08\/capote2-2.jpg 500w, https:\/\/jorgezanoni.com.br\/2019\/wp-content\/uploads\/2022\/08\/capote2-2-273x300.jpg 273w, https:\/\/jorgezanoni.com.br\/2019\/wp-content\/uploads\/2022\/08\/capote2-2-383x420.jpg 383w\" sizes=\"auto, (max-width: 500px) 100vw, 500px\" \/><\/p>\n<p>Jorge Zanoni<\/p>\n<p>Fotos de Internauta<\/p>\n<p>&nbsp;<\/p>\n<p>&nbsp;<\/p>\n<p>&nbsp;<\/p>\n","protected":false},"excerpt":{"rendered":"<p>Acidente aconteceu no KM. 2,5 da Vicinal M\u00e1rio Covas que liga Dracena a Junqueir\u00f3polis, passando pela Pousada Bom Samaritano. O fato aconteceu por volta de 07:20 Horas da manh\u00e3 deste s\u00e1bado (27). Segundo informa\u00e7\u00f5es de populares, o ve\u00edculo fazia o sentido Dracena a Pousada quando em uma curva ficou desgovernado e capotou. Ainda segundo as [&hellip;]<\/p>\n","protected":false},"author":1,"featured_media":68132,"comment_status":"closed","ping_status":"open","sticky":false,"template":"","format":"standard","meta":{"footnotes":""},"categories":[170,110],"tags":[],"class_list":["post-68128","post","type-post","status-publish","format-standard","has-post-thumbnail","hentry","category-acidentes","category-noticiasdestaque"],"_links":{"self":[{"href":"https:\/\/jorgezanoni.com.br\/2019\/wp-json\/wp\/v2\/posts\/68128","targetHints":{"allow":["GET"]}}],"collection":[{"href":"https:\/\/jorgezanoni.com.br\/2019\/wp-json\/wp\/v2\/posts"}],"about":[{"href":"https:\/\/jorgezanoni.com.br\/2019\/wp-json\/wp\/v2\/types\/post"}],"author":[{"embeddable":true,"href":"https:\/\/jorgezanoni.com.br\/2019\/wp-json\/wp\/v2\/users\/1"}],"replies":[{"embeddable":true,"href":"https:\/\/jorgezanoni.com.br\/2019\/wp-json\/wp\/v2\/comments?post=68128"}],"version-history":[{"count":3,"href":"https:\/\/jorgezanoni.com.br\/2019\/wp-json\/wp\/v2\/posts\/68128\/revisions"}],"predecessor-version":[{"id":68137,"href":"https:\/\/jorgezanoni.com.br\/2019\/wp-json\/wp\/v2\/posts\/68128\/revisions\/68137"}],"wp:featuredmedia":[{"embeddable":true,"href":"https:\/\/jorgezanoni.com.br\/2019\/wp-json\/wp\/v2\/media\/68132"}],"wp:attachment":[{"href":"https:\/\/jorgezanoni.com.br\/2019\/wp-json\/wp\/v2\/media?parent=68128"}],"wp:term":[{"taxonomy":"category","embeddable":true,"href":"https:\/\/jorgezanoni.com.br\/2019\/wp-json\/wp\/v2\/categories?post=68128"},{"taxonomy":"post_tag","embeddable":true,"href":"https:\/\/jorgezanoni.com.br\/2019\/wp-json\/wp\/v2\/tags?post=68128"}],"curies":[{"name":"wp","href":"https:\/\/api.w.org\/{rel}","templated":true}]}}