{"id":68111,"date":"2022-08-26T19:43:44","date_gmt":"2022-08-26T19:43:44","guid":{"rendered":"https:\/\/jorgezanoni.com.br\/2019\/?p=68111"},"modified":"2022-08-26T19:43:44","modified_gmt":"2022-08-26T19:43:44","slug":"arte-e-performances-alunos-do-anglo-cid-participam-de-atividades-artisticas","status":"publish","type":"post","link":"https:\/\/jorgezanoni.com.br\/2019\/arte-e-performances-alunos-do-anglo-cid-participam-de-atividades-artisticas\/","title":{"rendered":"Arte e performances: alunos do Anglo-CID participam de atividades art\u00edsticas"},"content":{"rendered":"<p style=\"text-align: justify;\"><span style=\"font-size: large;\">As aulas de Arte do Prof. Esp. Marcelo Sobrinho foram bem din\u00e2micas e animadas no m\u00eas de agosto! Os alunos dos 6\u00ba anos A e B puderam conhecer, analisar e experimentar um pouco mais sobre as performances art\u00edsticas.<\/span><\/p>\n<p><span style=\"font-size: large;\">Os estudantes foram convidados a viajar pelo mundo da performance, que tem como proposta principal quebrar a rotina e atrair o espectador a interagir e participar da obra, percebendo assim como ele v\u00ea as situa\u00e7\u00f5es e os lugares com os quais est\u00e1 habituado. Essa forma de Arte chama a aten\u00e7\u00e3o por tudo que nos cerca e assim, prop\u00f5e mudan\u00e7as e reflex\u00f5es maiores sobre quest\u00f5es da vida. Nos intervalos, os alunos apresentaram as performances para os demais amigos, colaboradores e professores do col\u00e9gio. Com os temas &#8220;Como est\u00e1 o seu sono&#8221; e &#8220;Agora \u00e9 a hora de brincar&#8221;, eles propuseram uma reflex\u00e3o aos espectadores que acompanharam e interagiram com as apresenta\u00e7\u00f5es.<\/span><\/p>\n<p><span style=\"font-size: large;\">&#8220;Foram momentos de muito valor e trocas de experi\u00eancias, tanto nas aulas quanto nas apresenta\u00e7\u00f5es. Atingimos o nosso maior objetivo que era aproximar os jovens da performance&#8221;, comentou o professor.<\/span><\/p>\n<p><span style=\"font-size: large;\">A diretora Eul\u00e1lia Pires Fava ressaltou que atividades como esta s\u00e3o importantes para estimular a criatividade, a socializa\u00e7\u00e3o e a conscientiza\u00e7\u00e3o sobre como a qualidade do sono contribui para a sa\u00fade mental e f\u00edsica e como as atividades l\u00fadicas s\u00e3o importantes para o bem estar das pessoas.<\/span><\/p>\n<p><img loading=\"lazy\" decoding=\"async\" class=\"alignnone size-full wp-image-68112\" src=\"https:\/\/jorgezanoni.com.br\/2019\/wp-content\/uploads\/2022\/08\/ARTES.jpeg\" alt=\"\" width=\"500\" height=\"375\" srcset=\"https:\/\/jorgezanoni.com.br\/2019\/wp-content\/uploads\/2022\/08\/ARTES.jpeg 500w, https:\/\/jorgezanoni.com.br\/2019\/wp-content\/uploads\/2022\/08\/ARTES-300x225.jpeg 300w, https:\/\/jorgezanoni.com.br\/2019\/wp-content\/uploads\/2022\/08\/ARTES-80x60.jpeg 80w, https:\/\/jorgezanoni.com.br\/2019\/wp-content\/uploads\/2022\/08\/ARTES-265x198.jpeg 265w\" sizes=\"auto, (max-width: 500px) 100vw, 500px\" \/> <img loading=\"lazy\" decoding=\"async\" class=\"alignnone size-full wp-image-68113\" src=\"https:\/\/jorgezanoni.com.br\/2019\/wp-content\/uploads\/2022\/08\/ARTES1.jpeg\" alt=\"\" width=\"500\" height=\"375\" srcset=\"https:\/\/jorgezanoni.com.br\/2019\/wp-content\/uploads\/2022\/08\/ARTES1.jpeg 500w, https:\/\/jorgezanoni.com.br\/2019\/wp-content\/uploads\/2022\/08\/ARTES1-300x225.jpeg 300w, https:\/\/jorgezanoni.com.br\/2019\/wp-content\/uploads\/2022\/08\/ARTES1-80x60.jpeg 80w, https:\/\/jorgezanoni.com.br\/2019\/wp-content\/uploads\/2022\/08\/ARTES1-265x198.jpeg 265w\" sizes=\"auto, (max-width: 500px) 100vw, 500px\" \/><\/p>\n<p>Fonte: Depto. de Comunica\u00e7\u00e3o da Fundec<\/p>\n","protected":false},"excerpt":{"rendered":"<p>As aulas de Arte do Prof. Esp. Marcelo Sobrinho foram bem din\u00e2micas e animadas no m\u00eas de agosto! Os alunos dos 6\u00ba anos A e B puderam conhecer, analisar e experimentar um pouco mais sobre as performances art\u00edsticas. Os estudantes foram convidados a viajar pelo mundo da performance, que tem como proposta principal quebrar a [&hellip;]<\/p>\n","protected":false},"author":1,"featured_media":68115,"comment_status":"closed","ping_status":"open","sticky":false,"template":"","format":"standard","meta":{"footnotes":""},"categories":[110,122],"tags":[],"class_list":["post-68111","post","type-post","status-publish","format-standard","has-post-thumbnail","hentry","category-noticiasdestaque","category-saudeeducacaoeconcurso"],"_links":{"self":[{"href":"https:\/\/jorgezanoni.com.br\/2019\/wp-json\/wp\/v2\/posts\/68111","targetHints":{"allow":["GET"]}}],"collection":[{"href":"https:\/\/jorgezanoni.com.br\/2019\/wp-json\/wp\/v2\/posts"}],"about":[{"href":"https:\/\/jorgezanoni.com.br\/2019\/wp-json\/wp\/v2\/types\/post"}],"author":[{"embeddable":true,"href":"https:\/\/jorgezanoni.com.br\/2019\/wp-json\/wp\/v2\/users\/1"}],"replies":[{"embeddable":true,"href":"https:\/\/jorgezanoni.com.br\/2019\/wp-json\/wp\/v2\/comments?post=68111"}],"version-history":[{"count":1,"href":"https:\/\/jorgezanoni.com.br\/2019\/wp-json\/wp\/v2\/posts\/68111\/revisions"}],"predecessor-version":[{"id":68116,"href":"https:\/\/jorgezanoni.com.br\/2019\/wp-json\/wp\/v2\/posts\/68111\/revisions\/68116"}],"wp:featuredmedia":[{"embeddable":true,"href":"https:\/\/jorgezanoni.com.br\/2019\/wp-json\/wp\/v2\/media\/68115"}],"wp:attachment":[{"href":"https:\/\/jorgezanoni.com.br\/2019\/wp-json\/wp\/v2\/media?parent=68111"}],"wp:term":[{"taxonomy":"category","embeddable":true,"href":"https:\/\/jorgezanoni.com.br\/2019\/wp-json\/wp\/v2\/categories?post=68111"},{"taxonomy":"post_tag","embeddable":true,"href":"https:\/\/jorgezanoni.com.br\/2019\/wp-json\/wp\/v2\/tags?post=68111"}],"curies":[{"name":"wp","href":"https:\/\/api.w.org\/{rel}","templated":true}]}}