{"id":68080,"date":"2022-08-25T23:51:39","date_gmt":"2022-08-25T23:51:39","guid":{"rendered":"https:\/\/jorgezanoni.com.br\/2019\/?p=68080"},"modified":"2022-08-25T23:51:39","modified_gmt":"2022-08-25T23:51:39","slug":"vestibular-unesp-2023-recebe-a-partir-do-dia-29-os-pedidos-de-isencao-e-reducao-de-50-do-valor-da-taxa","status":"publish","type":"post","link":"https:\/\/jorgezanoni.com.br\/2019\/vestibular-unesp-2023-recebe-a-partir-do-dia-29-os-pedidos-de-isencao-e-reducao-de-50-do-valor-da-taxa\/","title":{"rendered":"Vestibular Unesp 2023 recebe a partir do dia 29 os pedidos de isen\u00e7\u00e3o e redu\u00e7\u00e3o de 50% do valor da taxa"},"content":{"rendered":"<div class=\"v1WordSection1\">\n<p style=\"text-align: justify;\">A Universidade Estadual Paulista (Unesp) receber\u00e1, a partir de 29 de agosto (segunda-feira), os pedidos de isen\u00e7\u00e3o e redu\u00e7\u00e3o de 50% da taxa do Vestibular Unesp 2023, cujo valor integral \u00e9 de R$ 192. Os interessados poder\u00e3o se inscrever ou cadastrar os pedidos dos benef\u00edcios pelo site da Funda\u00e7\u00e3o Vunesp (<a href=\"http:\/\/www.vunesp.com.br\/\" target=\"_blank\" rel=\"noopener noreferrer\">www.vunesp.com.br<\/a>), at\u00e9 4 de setembro (domingo).<\/p>\n<p style=\"text-align: justify;\">As inscri\u00e7\u00f5es para o Vestibular Unesp 2023 ser\u00e3o realizadas de 5 de setembro a 10 de outubro pelo site da Vunesp. As provas v\u00e3o ocorrer em 15 de novembro (primeira fase) e 19 de dezembro (segunda fase).<\/p>\n<p style=\"text-align: justify;\">Os pedidos de isen\u00e7\u00e3o podem ser feitos de duas formas, uma delas para vestibulandos cadastrados no Cad\u00daNICO, ou seja, os que t\u00eam renda familiar mensal\u00a0<i>per capita<\/i>\u00a0de at\u00e9 meio sal\u00e1rio m\u00ednimo ou que possuam renda familiar mensal de at\u00e9 tr\u00eas sal\u00e1rios m\u00ednimos. Estes estudantes preencher\u00e3o o N\u00famero de Identifica\u00e7\u00e3o Social (NIS) no requerimento de isen\u00e7\u00e3o.<\/p>\n<p style=\"text-align: justify;\">Tamb\u00e9m t\u00eam direito a pedir isen\u00e7\u00e3o os candidatos que conclu\u00edram ou concluir\u00e3o este ano o ensino m\u00e9dio com todo o curr\u00edculo cumprido em escola p\u00fablica, na Educa\u00e7\u00e3o de Jovens e Adultos (EJA) ou com bolsa de estudo integral, se o curso for de institui\u00e7\u00e3o particular. Estes vestibulandos precisam ainda ter renda familiar bruta mensal igual ou inferior a um sal\u00e1rio m\u00ednimo e meio por pessoa, al\u00e9m de residir no Estado de S\u00e3o Paulo ou estar vinculado a uma institui\u00e7\u00e3o de ensino localizada em territ\u00f3rio paulista.<\/p>\n<p style=\"text-align: justify;\">O resultado da solicita\u00e7\u00e3o de isen\u00e7\u00e3o ser\u00e1 divulgado em 26 de setembro, nos sites da Unesp e da Vunesp. Os pedidos deferidos j\u00e1 significar\u00e3o a efetiva\u00e7\u00e3o da inscri\u00e7\u00e3o do solicitante.<\/p>\n<p style=\"text-align: justify;\">O pedido de redu\u00e7\u00e3o de 50% do valor da taxa destina-se a candidatos matriculados no ensino m\u00e9dio ou em curso pr\u00e9-vestibular e que recebam remunera\u00e7\u00e3o mensal inferior a dois sal\u00e1rios m\u00ednimos ou estejam desempregados. O prazo \u00e9 semelhante ao do pedido de isen\u00e7\u00e3o, at\u00e9 4 de setembro. O resultado dos pedidos de redu\u00e7\u00e3o tamb\u00e9m ser\u00e1 divulgado em 26 de setembro.<\/p>\n<p style=\"text-align: justify;\">A Unesp oferece ainda redu\u00e7\u00e3o de 75% aos cerca de 400 mil alunos matriculados no \u00faltimo ano do ensino m\u00e9dio da rede p\u00fablica estadual paulista (Secretaria da Educa\u00e7\u00e3o\/SP e Centro Paula Souza). Estes candidatos pagar\u00e3o taxa de R$ 48 e se inscrever\u00e3o no mesmo per\u00edodo dos pagantes de taxa integral, de 5 de setembro a 10 de outubro.<\/p>\n<p style=\"text-align: justify;\">O Sistema de Reserva de Vagas para Educa\u00e7\u00e3o B\u00e1sica P\u00fablica (SRVEBP) destina 50% das vagas de cada curso de gradua\u00e7\u00e3o da Unesp para alunos que tenham cursado integralmente o ensino m\u00e9dio em escola p\u00fablica, sendo que 35% das vagas desse sistema s\u00e3o destinadas aos candidatos que se autodeclararem pretos, pardos ou ind\u00edgenas.<\/p>\n<p style=\"text-align: justify;\">Os cursos da Unesp s\u00e3o oferecidos nas seguintes cidades: Ara\u00e7atuba (140 vagas), Araraquara (855), Assis (405), Bauru (1.085), Botucatu (600), Dracena (80), Franca (410), Guaratinguet\u00e1 (310), Ilha Solteira (470), Itapeva (80), Jaboticabal (280), Mar\u00edlia (475), Ourinhos (80), Presidente Prudente (640), Registro (80), Rio Claro (485), Rosana (80), S\u00e3o Jo\u00e3o da Boa Vista (80), S\u00e3o Jos\u00e9 do Rio Preto (460), S\u00e3o Jos\u00e9 dos Campos (120), S\u00e3o Paulo (185), S\u00e3o Vicente (80), Sorocaba (80) e Tup\u00e3 (120).<\/p>\n<p style=\"text-align: justify;\"><b>Mais informa\u00e7\u00f5es<\/b><\/p>\n<p style=\"text-align: justify;\">A Unesp \u00e9 uma universidade p\u00fablica e gratuita que est\u00e1 entre as maiores e melhores do pa\u00eds e da Am\u00e9rica Latina. Presente em 24 cidades do Estado de S\u00e3o Paulo, com 34 unidades universit\u00e1rias, desenvolve atividades de ensino, pesquisa e extens\u00e3o universit\u00e1ria em todas as grandes \u00e1reas do conhecimento.<\/p>\n<p style=\"text-align: justify;\">Criada em 1976, a Universidade tem aproximadamente 54 mil estudantes, entre alunos de gradua\u00e7\u00e3o e p\u00f3s-gradua\u00e7\u00e3o (stricto sensu).\u00a0Oferece ainda cursos pr\u00e9-vestibulares gratuitos e mant\u00e9m programas de extens\u00e3o abertos para a comunidade.\u00a0Tr\u00eas escolas de ensino m\u00e9dio\/t\u00e9cnico tamb\u00e9m s\u00e3o mantidas pela Unesp, que possui cerca de 1.900 laborat\u00f3rios e 33 bibliotecas, al\u00e9m de cinco fazendas de ensino e pesquisa e tr\u00eas hospitais veterin\u00e1rios.<\/p>\n<p style=\"text-align: justify;\">Para tirar d\u00favidas sobre o vestibular, o candidato pode fazer contato pelo link \u201cFale Conosco\u201d do site da Vunesp:\u00a0<a href=\"https:\/\/mail.vunesp.com.br\/owa\/redir.aspx?C=5SCwK9UtXMC3E-zDjwLHVttIoahD2tyDhAkGZIGPgBAUtK5XFz7YCA..&amp;URL=https%3a%2f%2fwww.vunesp.com.br%2fFaleConosco\" target=\"_blank\" rel=\"noopener noreferrer\">https:\/\/www.vunesp.com.br\/FaleConosco<\/a><u>.<\/u>\u00a0Tamb\u00e9m pode acessar os sites\u00a0<a href=\"https:\/\/mail.vunesp.com.br\/owa\/redir.aspx?C=pYZMWwbH6UUq0LuGG1qpEEv8uKVWCuecpQ92gWShQ9UUtK5XFz7YCA..&amp;URL=https%3a%2f%2fvestibular.unesp.br%2f\" target=\"_blank\" rel=\"noopener noreferrer\">vestibular.unesp.br<\/a>\u00a0e\u00a0<a href=\"https:\/\/mail.vunesp.com.br\/owa\/redir.aspx?C=Ej1kIZ0I_LvBxK4VxWu3xelijzinBnkKofIHZi-jHZUUtK5XFz7YCA..&amp;URL=https%3a%2f%2fwww.vunesp.com.br%2fVNSP2006\" target=\"_blank\" rel=\"noopener noreferrer\">www.vunesp.com.br<\/a>.<\/p>\n<p style=\"text-align: justify;\">Assessoria de Imprensa<\/p>\n<p>Imagem Arquivo<\/p>\n<\/div>\n","protected":false},"excerpt":{"rendered":"<p>A Universidade Estadual Paulista (Unesp) receber\u00e1, a partir de 29 de agosto (segunda-feira), os pedidos de isen\u00e7\u00e3o e redu\u00e7\u00e3o de 50% da taxa do Vestibular Unesp 2023, cujo valor integral \u00e9 de R$ 192. Os interessados poder\u00e3o se inscrever ou cadastrar os pedidos dos benef\u00edcios pelo site da Funda\u00e7\u00e3o Vunesp (www.vunesp.com.br), at\u00e9 4 de setembro [&hellip;]<\/p>\n","protected":false},"author":1,"featured_media":68081,"comment_status":"closed","ping_status":"open","sticky":false,"template":"","format":"standard","meta":{"footnotes":""},"categories":[110,122],"tags":[],"class_list":["post-68080","post","type-post","status-publish","format-standard","has-post-thumbnail","hentry","category-noticiasdestaque","category-saudeeducacaoeconcurso"],"_links":{"self":[{"href":"https:\/\/jorgezanoni.com.br\/2019\/wp-json\/wp\/v2\/posts\/68080","targetHints":{"allow":["GET"]}}],"collection":[{"href":"https:\/\/jorgezanoni.com.br\/2019\/wp-json\/wp\/v2\/posts"}],"about":[{"href":"https:\/\/jorgezanoni.com.br\/2019\/wp-json\/wp\/v2\/types\/post"}],"author":[{"embeddable":true,"href":"https:\/\/jorgezanoni.com.br\/2019\/wp-json\/wp\/v2\/users\/1"}],"replies":[{"embeddable":true,"href":"https:\/\/jorgezanoni.com.br\/2019\/wp-json\/wp\/v2\/comments?post=68080"}],"version-history":[{"count":1,"href":"https:\/\/jorgezanoni.com.br\/2019\/wp-json\/wp\/v2\/posts\/68080\/revisions"}],"predecessor-version":[{"id":68082,"href":"https:\/\/jorgezanoni.com.br\/2019\/wp-json\/wp\/v2\/posts\/68080\/revisions\/68082"}],"wp:featuredmedia":[{"embeddable":true,"href":"https:\/\/jorgezanoni.com.br\/2019\/wp-json\/wp\/v2\/media\/68081"}],"wp:attachment":[{"href":"https:\/\/jorgezanoni.com.br\/2019\/wp-json\/wp\/v2\/media?parent=68080"}],"wp:term":[{"taxonomy":"category","embeddable":true,"href":"https:\/\/jorgezanoni.com.br\/2019\/wp-json\/wp\/v2\/categories?post=68080"},{"taxonomy":"post_tag","embeddable":true,"href":"https:\/\/jorgezanoni.com.br\/2019\/wp-json\/wp\/v2\/tags?post=68080"}],"curies":[{"name":"wp","href":"https:\/\/api.w.org\/{rel}","templated":true}]}}