{"id":68037,"date":"2022-08-24T22:17:43","date_gmt":"2022-08-24T22:17:43","guid":{"rendered":"https:\/\/jorgezanoni.com.br\/2019\/?p=68037"},"modified":"2022-08-24T22:19:32","modified_gmt":"2022-08-24T22:19:32","slug":"unatianos-participam-de-atividades-culturais","status":"publish","type":"post","link":"https:\/\/jorgezanoni.com.br\/2019\/unatianos-participam-de-atividades-culturais\/","title":{"rendered":"Unatianos participam de atividades culturais"},"content":{"rendered":"<p style=\"text-align: justify;\"><span style=\"font-size: large;\">No in\u00edcio deste m\u00eas de agosto, os <\/span>unatianos<span style=\"font-size: large;\">\u00a0participaram de atividades culturais nas cidades de Dracena e Presidente Prudente.<\/span><\/p>\n<p style=\"text-align: justify;\"><span style=\"font-size: large;\">No dia 2, os alunos foram recepcionados pela equipe da Secretaria de Cultura e Turismo de Dracena, sob a organiza\u00e7\u00e3o do secret\u00e1rio Douglas Carvalho de Souza, e puderam conhecer o local, os trabalhos ali realizados, as atividades desenvolvidas pela secretaria, dentre outros. Logo ap\u00f3s a visita, um delicioso caf\u00e9 foi servido para todos os participantes.<\/span><\/p>\n<p style=\"text-align: justify;\"><span style=\"font-size: large;\">J\u00e1 no dia 11, Dia do Estudante, uma excurs\u00e3o foi realizada \u00e0 cidade de Presidente Prudente e visitaram o Centro Cultural Matarazzo para apreciar a exposi\u00e7\u00e3o &#8220;Ripa na Chulipa&#8221;, ateli\u00eas de artes, a pinacoteca, bibliotecas e o teatro. Tamb\u00e9m foram ao Museu e Arquivo Hist\u00f3rico de Presidente Prudente. Finalizaram visitando, na FCT\/Unesp, o Centro de Museologia, Antropologia e Arqueologia, o Laborat\u00f3rio de Arqueologia Guarani e o Museu de Arqueologia Regional.<\/span><\/p>\n<p style=\"text-align: justify;\"><span style=\"font-size: large;\">Tais atividades foram conduzidas pelos professores Aline Siqueira (Unifadra), Celso Tadao Miasaki (Unesp) e monitores Ana La\u00eds de S\u00e1 Jesus (Unifadra) e Jo\u00e3o Paulo Chitero (Unesp).<\/span><\/p>\n<p style=\"text-align: justify;\"><span style=\"font-size: large;\">O Prof. Celso, um dos coordenadores da Unati pela Unesp, destacou o excelente trabalho e dedica\u00e7\u00e3o das guias Sula, Valentina e Nikelle, que contribu\u00edram significativamente para um maior conhecimento dos alunos com rela\u00e7\u00e3o \u00e0 cultura regional.<\/span><\/p>\n<p style=\"text-align: justify;\"><span style=\"font-size: large;\">Ainda em comemora\u00e7\u00e3o ao Dia do Estudante, os alunos foram presenteados com copos reutiliz\u00e1veis para a redu\u00e7\u00e3o do uso de copos descart\u00e1veis dentro da institui\u00e7\u00e3o.<\/span><\/p>\n<p style=\"text-align: justify;\"><span style=\"font-size: large;\">O diretor da Unifadra\u00a0<\/span>Prof. Dr.<span style=\"font-size: large;\">\u00a0Enio Garbelini parabenizou os alunos da Unati de Dracena pelo Dia do Estudante.<\/span><\/p>\n<p style=\"text-align: justify;\"><span style=\"font-size: large;\">Segundo a Profa. Ma. Daniela Mac\u00e1rio (Unifadra), as atividades continuam e seguem at\u00e9 o final de outubro. O encerramento est\u00e1 previsto para o dia 10 de novembro, com a cerim\u00f4nia de formatura.<\/span><\/p>\n<p style=\"text-align: justify;\"><span style=\"font-size: large;\">O programa Universidade Aberta \u00e0 Terceira Idade (Unati) \u00e9 desenvolvido por meio de uma parceria entre a FCAT &#8211; Faculdade de Ci\u00eancias Agr\u00e1rias e Tecnol\u00f3gicas (Campus de Dracena da Unesp), coordenado pelos professores Paulo Alexandre Monteiro de Figueiredo e Celso Tadao Miasaki; a Fundec &#8211; Funda\u00e7\u00e3o Dracenense de Educa\u00e7\u00e3o e Cultura (mantenedora da Unifadra), coordenado pela professora Daniela Mac\u00e1rio Cust\u00f3dio; e a Prefeitura Municipal de Dracena.<\/span><\/p>\n<p><img loading=\"lazy\" decoding=\"async\" class=\"alignnone size-full wp-image-68038\" src=\"https:\/\/jorgezanoni.com.br\/2019\/wp-content\/uploads\/2022\/08\/unati.jpg\" alt=\"\" width=\"500\" height=\"375\" srcset=\"https:\/\/jorgezanoni.com.br\/2019\/wp-content\/uploads\/2022\/08\/unati.jpg 500w, https:\/\/jorgezanoni.com.br\/2019\/wp-content\/uploads\/2022\/08\/unati-300x225.jpg 300w, https:\/\/jorgezanoni.com.br\/2019\/wp-content\/uploads\/2022\/08\/unati-80x60.jpg 80w, https:\/\/jorgezanoni.com.br\/2019\/wp-content\/uploads\/2022\/08\/unati-265x198.jpg 265w\" sizes=\"auto, (max-width: 500px) 100vw, 500px\" \/> <img loading=\"lazy\" decoding=\"async\" class=\"alignnone size-full wp-image-68039\" src=\"https:\/\/jorgezanoni.com.br\/2019\/wp-content\/uploads\/2022\/08\/unati02.jpg\" alt=\"\" width=\"500\" height=\"375\" srcset=\"https:\/\/jorgezanoni.com.br\/2019\/wp-content\/uploads\/2022\/08\/unati02.jpg 500w, https:\/\/jorgezanoni.com.br\/2019\/wp-content\/uploads\/2022\/08\/unati02-300x225.jpg 300w, https:\/\/jorgezanoni.com.br\/2019\/wp-content\/uploads\/2022\/08\/unati02-80x60.jpg 80w, https:\/\/jorgezanoni.com.br\/2019\/wp-content\/uploads\/2022\/08\/unati02-265x198.jpg 265w\" sizes=\"auto, (max-width: 500px) 100vw, 500px\" \/><\/p>\n<p>Fonte: Dpto. Comunica\u00e7\u00e3o da Fundec<\/p>\n","protected":false},"excerpt":{"rendered":"<p>No in\u00edcio deste m\u00eas de agosto, os unatianos\u00a0participaram de atividades culturais nas cidades de Dracena e Presidente Prudente. No dia 2, os alunos foram recepcionados pela equipe da Secretaria de Cultura e Turismo de Dracena, sob a organiza\u00e7\u00e3o do secret\u00e1rio Douglas Carvalho de Souza, e puderam conhecer o local, os trabalhos ali realizados, as atividades [&hellip;]<\/p>\n","protected":false},"author":1,"featured_media":68040,"comment_status":"closed","ping_status":"open","sticky":false,"template":"","format":"standard","meta":{"footnotes":""},"categories":[110,122],"tags":[],"class_list":["post-68037","post","type-post","status-publish","format-standard","has-post-thumbnail","hentry","category-noticiasdestaque","category-saudeeducacaoeconcurso"],"_links":{"self":[{"href":"https:\/\/jorgezanoni.com.br\/2019\/wp-json\/wp\/v2\/posts\/68037","targetHints":{"allow":["GET"]}}],"collection":[{"href":"https:\/\/jorgezanoni.com.br\/2019\/wp-json\/wp\/v2\/posts"}],"about":[{"href":"https:\/\/jorgezanoni.com.br\/2019\/wp-json\/wp\/v2\/types\/post"}],"author":[{"embeddable":true,"href":"https:\/\/jorgezanoni.com.br\/2019\/wp-json\/wp\/v2\/users\/1"}],"replies":[{"embeddable":true,"href":"https:\/\/jorgezanoni.com.br\/2019\/wp-json\/wp\/v2\/comments?post=68037"}],"version-history":[{"count":2,"href":"https:\/\/jorgezanoni.com.br\/2019\/wp-json\/wp\/v2\/posts\/68037\/revisions"}],"predecessor-version":[{"id":68042,"href":"https:\/\/jorgezanoni.com.br\/2019\/wp-json\/wp\/v2\/posts\/68037\/revisions\/68042"}],"wp:featuredmedia":[{"embeddable":true,"href":"https:\/\/jorgezanoni.com.br\/2019\/wp-json\/wp\/v2\/media\/68040"}],"wp:attachment":[{"href":"https:\/\/jorgezanoni.com.br\/2019\/wp-json\/wp\/v2\/media?parent=68037"}],"wp:term":[{"taxonomy":"category","embeddable":true,"href":"https:\/\/jorgezanoni.com.br\/2019\/wp-json\/wp\/v2\/categories?post=68037"},{"taxonomy":"post_tag","embeddable":true,"href":"https:\/\/jorgezanoni.com.br\/2019\/wp-json\/wp\/v2\/tags?post=68037"}],"curies":[{"name":"wp","href":"https:\/\/api.w.org\/{rel}","templated":true}]}}