{"id":68033,"date":"2022-08-24T21:52:33","date_gmt":"2022-08-24T21:52:33","guid":{"rendered":"https:\/\/jorgezanoni.com.br\/2019\/?p=68033"},"modified":"2022-08-24T21:52:33","modified_gmt":"2022-08-24T21:52:33","slug":"unifadra-abre-inscricoes-para-o-vestibular-de-medicina","status":"publish","type":"post","link":"https:\/\/jorgezanoni.com.br\/2019\/unifadra-abre-inscricoes-para-o-vestibular-de-medicina\/","title":{"rendered":"Unifadra abre inscri\u00e7\u00f5es para o Vestibular de Medicina"},"content":{"rendered":"<p dir=\"ltr\" style=\"text-align: justify;\">No dia 22, a Unifadra de Dracena abriu inscri\u00e7\u00f5es para o Vestibular de Ver\u00e3o do curso de Medicina para a turma de 2023. A prova ser\u00e1 presencial, no dia 11 de dezembro, \u00e0s 14h, na Unifadra, em Dracena (SP).<\/p>\n<p dir=\"ltr\" style=\"text-align: justify;\">As inscri\u00e7\u00f5es podem ser feitas at\u00e9 o dia 20 de novembro. O resultado ser\u00e1 divulgado no dia 9 de janeiro e as matr\u00edculas dos aprovados na primeira chamada ser\u00e3o realizadas nos dias 10 e 11 de janeiro, das 8h30 \u00e0s 11h30, das 14h \u00e0s 16h30 e das 18h30 \u00e0s 21h.<br \/>\nEsta \u00e9 sua oportunidade para iniciar os estudos em 2023!!<\/p>\n<p>Conhe\u00e7a mais sobre o curso de Medicina da Unifadra: <a href=\"https:\/\/www.youtube.com\/watch?v=Lk4Mc8vbX6U&amp;t=4s\" target=\"_blank\" rel=\"noopener noreferrer\">https:\/\/www.youtube.com\/watch?v=Lk4Mc8vbX6U&amp;t=4s<br \/>\n<\/a><a href=\"http:\/\/fundec.edu.br\/unifadra\" target=\"_blank\" rel=\"noopener noreferrer\">fundec.edu.br\/unifadra<\/a><\/p>\n<p dir=\"ltr\">Vestibular de Ver\u00e3o &#8211; Medicina Unifadra Dracena<\/p>\n<p dir=\"ltr\">Prova Presencial<\/p>\n<p dir=\"ltr\">Inscri\u00e7\u00f5es: de 22\/08 a 20\/11\/2022<\/p>\n<p dir=\"ltr\">Prova: 11\/12\/22, \u00e0s 14h<\/p>\n<p dir=\"ltr\">Edital: <a href=\"https:\/\/www.vunesp.com.br\/FDEC2202\" target=\"_blank\" rel=\"noopener noreferrer\">https:\/\/www.vunesp.com.br\/FDEC2202<\/a><\/p>\n<p>Centro de Informa\u00e7\u00f5es: (18) 3821-9004 | Whatsapp (18) 99802-1237<\/p>\n<p>Fonte: Depto. de Comunica\u00e7\u00e3o da FUNDEC<\/p>\n","protected":false},"excerpt":{"rendered":"<p>No dia 22, a Unifadra de Dracena abriu inscri\u00e7\u00f5es para o Vestibular de Ver\u00e3o do curso de Medicina para a turma de 2023. A prova ser\u00e1 presencial, no dia 11 de dezembro, \u00e0s 14h, na Unifadra, em Dracena (SP). As inscri\u00e7\u00f5es podem ser feitas at\u00e9 o dia 20 de novembro. O resultado ser\u00e1 divulgado no [&hellip;]<\/p>\n","protected":false},"author":1,"featured_media":68035,"comment_status":"closed","ping_status":"open","sticky":false,"template":"","format":"standard","meta":{"footnotes":""},"categories":[110,122],"tags":[],"class_list":["post-68033","post","type-post","status-publish","format-standard","has-post-thumbnail","hentry","category-noticiasdestaque","category-saudeeducacaoeconcurso"],"_links":{"self":[{"href":"https:\/\/jorgezanoni.com.br\/2019\/wp-json\/wp\/v2\/posts\/68033","targetHints":{"allow":["GET"]}}],"collection":[{"href":"https:\/\/jorgezanoni.com.br\/2019\/wp-json\/wp\/v2\/posts"}],"about":[{"href":"https:\/\/jorgezanoni.com.br\/2019\/wp-json\/wp\/v2\/types\/post"}],"author":[{"embeddable":true,"href":"https:\/\/jorgezanoni.com.br\/2019\/wp-json\/wp\/v2\/users\/1"}],"replies":[{"embeddable":true,"href":"https:\/\/jorgezanoni.com.br\/2019\/wp-json\/wp\/v2\/comments?post=68033"}],"version-history":[{"count":1,"href":"https:\/\/jorgezanoni.com.br\/2019\/wp-json\/wp\/v2\/posts\/68033\/revisions"}],"predecessor-version":[{"id":68036,"href":"https:\/\/jorgezanoni.com.br\/2019\/wp-json\/wp\/v2\/posts\/68033\/revisions\/68036"}],"wp:featuredmedia":[{"embeddable":true,"href":"https:\/\/jorgezanoni.com.br\/2019\/wp-json\/wp\/v2\/media\/68035"}],"wp:attachment":[{"href":"https:\/\/jorgezanoni.com.br\/2019\/wp-json\/wp\/v2\/media?parent=68033"}],"wp:term":[{"taxonomy":"category","embeddable":true,"href":"https:\/\/jorgezanoni.com.br\/2019\/wp-json\/wp\/v2\/categories?post=68033"},{"taxonomy":"post_tag","embeddable":true,"href":"https:\/\/jorgezanoni.com.br\/2019\/wp-json\/wp\/v2\/tags?post=68033"}],"curies":[{"name":"wp","href":"https:\/\/api.w.org\/{rel}","templated":true}]}}