{"id":68015,"date":"2022-08-23T23:25:07","date_gmt":"2022-08-23T23:25:07","guid":{"rendered":"https:\/\/jorgezanoni.com.br\/2019\/?p=68015"},"modified":"2022-08-23T23:25:07","modified_gmt":"2022-08-23T23:25:07","slug":"casa-dos-velhos-esta-pedindo-doacao-de-fraldas-geriatricas-descartaveis","status":"publish","type":"post","link":"https:\/\/jorgezanoni.com.br\/2019\/casa-dos-velhos-esta-pedindo-doacao-de-fraldas-geriatricas-descartaveis\/","title":{"rendered":"Casa dos Velhos est\u00e1 pedindo doa\u00e7\u00e3o de Fraldas Geri\u00e1tricas Descart\u00e1veis"},"content":{"rendered":"<p style=\"text-align: justify;\">CASA DOS VELHOS\u201d<\/p>\n<p style=\"text-align: justify;\">A Casa dos Velhos \u201cObra Unida da Sociedade de S\u00e3o Vicente de Paulo\u201d, possui sede pr\u00f3pria, \u00e9 uma entidade filantr\u00f3pica, fundada em 13\/10\/1968, sem fins lucrativos, est\u00e1 localizada no munic\u00edpio de Dracena, situada na Rua: Frederico Ozanan n\u00ba: 2681 \u2013 Jardim Jussara \u2013 Dracena\/SP, inscrita no CNPJ sob o n\u00ba: sob o CNPJ: 44.877.827\/0001-53, telefone para contato : (18) 3821-1053, tem capacidade de atendimento para 36 pessoas idosas de ambos os sexos, acolhe pessoas a partir dos 60 anos, atendimento em per\u00edodo integral.<br \/>\nA manuten\u00e7\u00e3o da Institui\u00e7\u00e3o ocorre com recursos advindos de promo\u00e7\u00f5es, telemarketing, doa\u00e7\u00f5es de pessoas f\u00edsicas e jur\u00eddicas, repasses da esfera Municipal, Estadual e Federal e pessoas idosas acolhidas que possuam renda.<br \/>\n<strong>No momento a Institui\u00e7\u00e3o necessita de fralda geri\u00e1trica descart\u00e1vel.<\/strong><br \/>\nQuem tiver interesse em colaborar pode entrar em contato pessoalmente na Institui\u00e7\u00e3o ou atrav\u00e9s do telefone <strong>(18) 3821-1053.<\/strong><br \/>\nA\u00e7\u00f5es como esta, possibilitam a concretiza\u00e7\u00e3o da nossa miss\u00e3o: promover a melhoria da qualidade de vida, a minimiza\u00e7\u00e3o do sofrimento, a eleva\u00e7\u00e3o da autoestima e a inser\u00e7\u00e3o na sociedade e na fam\u00edlia, tornando nossa comunidade mais humana, mais justa e menos desigual.\u201d<br \/>\nJuntos somos mais fortes! Esta frase nunca teve tanto significado, como neste momento inexplic\u00e1vel que estamos passando por conta da pandemia da COVID-19.<br \/>\nNeste momento precisamos nos reinventar e nos ajudar, passar por cima das dificuldades e das incertezas e nos unir para dar um passo de cada vez.<\/p>\n<p style=\"text-align: justify;\">A Diretoria e os idosos agradecem!<\/p>\n<p>Apoio do Site JZ.<\/p>\n<p>Imagem Arquivo<\/p>\n","protected":false},"excerpt":{"rendered":"<p>CASA DOS VELHOS\u201d A Casa dos Velhos \u201cObra Unida da Sociedade de S\u00e3o Vicente de Paulo\u201d, possui sede pr\u00f3pria, \u00e9 uma entidade filantr\u00f3pica, fundada em 13\/10\/1968, sem fins lucrativos, est\u00e1 localizada no munic\u00edpio de Dracena, situada na Rua: Frederico Ozanan n\u00ba: 2681 \u2013 Jardim Jussara \u2013 Dracena\/SP, inscrita no CNPJ sob o n\u00ba: sob o [&hellip;]<\/p>\n","protected":false},"author":1,"featured_media":68016,"comment_status":"closed","ping_status":"open","sticky":false,"template":"","format":"standard","meta":{"footnotes":""},"categories":[110,118],"tags":[],"class_list":["post-68015","post","type-post","status-publish","format-standard","has-post-thumbnail","hentry","category-noticiasdestaque","category-religiaoesolidariedade"],"_links":{"self":[{"href":"https:\/\/jorgezanoni.com.br\/2019\/wp-json\/wp\/v2\/posts\/68015","targetHints":{"allow":["GET"]}}],"collection":[{"href":"https:\/\/jorgezanoni.com.br\/2019\/wp-json\/wp\/v2\/posts"}],"about":[{"href":"https:\/\/jorgezanoni.com.br\/2019\/wp-json\/wp\/v2\/types\/post"}],"author":[{"embeddable":true,"href":"https:\/\/jorgezanoni.com.br\/2019\/wp-json\/wp\/v2\/users\/1"}],"replies":[{"embeddable":true,"href":"https:\/\/jorgezanoni.com.br\/2019\/wp-json\/wp\/v2\/comments?post=68015"}],"version-history":[{"count":1,"href":"https:\/\/jorgezanoni.com.br\/2019\/wp-json\/wp\/v2\/posts\/68015\/revisions"}],"predecessor-version":[{"id":68017,"href":"https:\/\/jorgezanoni.com.br\/2019\/wp-json\/wp\/v2\/posts\/68015\/revisions\/68017"}],"wp:featuredmedia":[{"embeddable":true,"href":"https:\/\/jorgezanoni.com.br\/2019\/wp-json\/wp\/v2\/media\/68016"}],"wp:attachment":[{"href":"https:\/\/jorgezanoni.com.br\/2019\/wp-json\/wp\/v2\/media?parent=68015"}],"wp:term":[{"taxonomy":"category","embeddable":true,"href":"https:\/\/jorgezanoni.com.br\/2019\/wp-json\/wp\/v2\/categories?post=68015"},{"taxonomy":"post_tag","embeddable":true,"href":"https:\/\/jorgezanoni.com.br\/2019\/wp-json\/wp\/v2\/tags?post=68015"}],"curies":[{"name":"wp","href":"https:\/\/api.w.org\/{rel}","templated":true}]}}