{"id":68010,"date":"2022-08-23T23:12:41","date_gmt":"2022-08-23T23:12:41","guid":{"rendered":"https:\/\/jorgezanoni.com.br\/2019\/?p=68010"},"modified":"2022-08-23T23:12:41","modified_gmt":"2022-08-23T23:12:41","slug":"homem-e-preso-por-descaminho-e-diversas-mercadorias-sao-apreendidas-em-tupi-paulista","status":"publish","type":"post","link":"https:\/\/jorgezanoni.com.br\/2019\/homem-e-preso-por-descaminho-e-diversas-mercadorias-sao-apreendidas-em-tupi-paulista\/","title":{"rendered":"Homem \u00e9 preso por descaminho e diversas mercadorias s\u00e3o apreendidas em Tupi Paulista"},"content":{"rendered":"<p style=\"text-align: justify;\">POL\u00cdCIA MILITAR PRENDE HOMEM POR DESCAMINHO E APREENDE DIVERSAS MERCADORIAS SEM NOTA FISCAL EM TUPI PAULISTA.<\/p>\n<p style=\"text-align: justify;\">Na manh\u00e3 de hoje, 23, por volta das 07h50, a unidade de servi\u00e7o da Pol\u00edcia Militar em deslocamento pela SP 294, proximidades da rotat\u00f3ria de Tupi Paulista, ao ultrapassar o ve\u00edculo VW\/Parati CL de cor Prata, notou que a suspens\u00e3o do ve\u00edculo estava levantada, bem como os bancos traseiro e porta malas estavam cobertos com um len\u00e7ol preto, que impedia verificar o que estava sendo transportado no carro. Fundamentado a fundada suspeita, foi feito o retorno na rotat\u00f3ria de Tupi Paulista e feito um breve acompanhamento pela rodovi\u00e1ria Euclides de Oliveira Figueiredo, sendo o ve\u00edculo abordado na altura do KM 132 da referida rodovia, sendo o condutor (homem, 39 anos) submetido a busca pessoal e nada de il\u00edcito encontrado, e ao ser questionado declarou que estava retornando de Dourados\/MS, e receberia R$ 1.000,00 pelo frete at\u00e9 Mar\u00edlia\/SP, e que estava transportando no ve\u00edculo 22 caixas de esqueiros, 16 de cadeados, 02 caixas de rel\u00f3gios, 02 caixas de \u00f3culos, 02 fardos de escovas de dente; e que n\u00e3o teria a nota fiscal das mercadorias.<br \/>\nDiante dos fatos foi dado voz de pris\u00e3o ao Condutor, bem como lido seus direitos constitucionais, e apresentado na Delegacia de Pol\u00edcia Federal em Ara\u00e7atuba, ficando a disposi\u00e7\u00e3o da justi\u00e7a.<br \/>\nO ve\u00edculo foi apresentado na Receita Federal em Presidente Prudente juntamente com as mercadorias, onde foi lacrado e apreendido sem a contagem e identifica\u00e7\u00e3o das mercadorias.<\/p>\n<p><img loading=\"lazy\" decoding=\"async\" class=\"alignnone size-full wp-image-68011\" src=\"https:\/\/jorgezanoni.com.br\/2019\/wp-content\/uploads\/2022\/08\/tupi.jpg\" alt=\"\" width=\"700\" height=\"525\" srcset=\"https:\/\/jorgezanoni.com.br\/2019\/wp-content\/uploads\/2022\/08\/tupi.jpg 700w, https:\/\/jorgezanoni.com.br\/2019\/wp-content\/uploads\/2022\/08\/tupi-300x225.jpg 300w, https:\/\/jorgezanoni.com.br\/2019\/wp-content\/uploads\/2022\/08\/tupi-80x60.jpg 80w, https:\/\/jorgezanoni.com.br\/2019\/wp-content\/uploads\/2022\/08\/tupi-265x198.jpg 265w, https:\/\/jorgezanoni.com.br\/2019\/wp-content\/uploads\/2022\/08\/tupi-696x522.jpg 696w, https:\/\/jorgezanoni.com.br\/2019\/wp-content\/uploads\/2022\/08\/tupi-560x420.jpg 560w\" sizes=\"auto, (max-width: 700px) 100vw, 700px\" \/>Fonte: Com. Social Pol\u00edcia Militar<\/p>\n","protected":false},"excerpt":{"rendered":"<p>POL\u00cdCIA MILITAR PRENDE HOMEM POR DESCAMINHO E APREENDE DIVERSAS MERCADORIAS SEM NOTA FISCAL EM TUPI PAULISTA. Na manh\u00e3 de hoje, 23, por volta das 07h50, a unidade de servi\u00e7o da Pol\u00edcia Militar em deslocamento pela SP 294, proximidades da rotat\u00f3ria de Tupi Paulista, ao ultrapassar o ve\u00edculo VW\/Parati CL de cor Prata, notou que a [&hellip;]<\/p>\n","protected":false},"author":1,"featured_media":68012,"comment_status":"closed","ping_status":"open","sticky":false,"template":"","format":"standard","meta":{"footnotes":""},"categories":[110,2],"tags":[],"class_list":["post-68010","post","type-post","status-publish","format-standard","has-post-thumbnail","hentry","category-noticiasdestaque","category-policial"],"_links":{"self":[{"href":"https:\/\/jorgezanoni.com.br\/2019\/wp-json\/wp\/v2\/posts\/68010","targetHints":{"allow":["GET"]}}],"collection":[{"href":"https:\/\/jorgezanoni.com.br\/2019\/wp-json\/wp\/v2\/posts"}],"about":[{"href":"https:\/\/jorgezanoni.com.br\/2019\/wp-json\/wp\/v2\/types\/post"}],"author":[{"embeddable":true,"href":"https:\/\/jorgezanoni.com.br\/2019\/wp-json\/wp\/v2\/users\/1"}],"replies":[{"embeddable":true,"href":"https:\/\/jorgezanoni.com.br\/2019\/wp-json\/wp\/v2\/comments?post=68010"}],"version-history":[{"count":1,"href":"https:\/\/jorgezanoni.com.br\/2019\/wp-json\/wp\/v2\/posts\/68010\/revisions"}],"predecessor-version":[{"id":68014,"href":"https:\/\/jorgezanoni.com.br\/2019\/wp-json\/wp\/v2\/posts\/68010\/revisions\/68014"}],"wp:featuredmedia":[{"embeddable":true,"href":"https:\/\/jorgezanoni.com.br\/2019\/wp-json\/wp\/v2\/media\/68012"}],"wp:attachment":[{"href":"https:\/\/jorgezanoni.com.br\/2019\/wp-json\/wp\/v2\/media?parent=68010"}],"wp:term":[{"taxonomy":"category","embeddable":true,"href":"https:\/\/jorgezanoni.com.br\/2019\/wp-json\/wp\/v2\/categories?post=68010"},{"taxonomy":"post_tag","embeddable":true,"href":"https:\/\/jorgezanoni.com.br\/2019\/wp-json\/wp\/v2\/tags?post=68010"}],"curies":[{"name":"wp","href":"https:\/\/api.w.org\/{rel}","templated":true}]}}