{"id":68003,"date":"2022-08-23T22:58:18","date_gmt":"2022-08-23T22:58:18","guid":{"rendered":"https:\/\/jorgezanoni.com.br\/2019\/?p=68003"},"modified":"2022-08-23T22:59:43","modified_gmt":"2022-08-23T22:59:43","slug":"igreja-universal-do-reino-de-dracena-condecora-policiais-militares-em-dracena","status":"publish","type":"post","link":"https:\/\/jorgezanoni.com.br\/2019\/igreja-universal-do-reino-de-dracena-condecora-policiais-militares-em-dracena\/","title":{"rendered":"Igreja Universal do Reino de Deus em Dracena condecora Policiais Militares"},"content":{"rendered":"<p style=\"text-align: justify;\">Na data de 21AGO22, a igreja Universal do Reino de Deus de Dracena, atrav\u00e9s do Programa Universal nas For\u00e7as Policiais &#8211; UFP fez uma homenagem de CONDERA\u00c7\u00c3O VALORATIVA AOS HEROIS DE SEGURAN\u00c7A, onde os Policiais Militares de Dracena receberam um Certificado de Reconhecimento pelas suas atua\u00e7\u00f5es no Policiamento Ostensivo Preventivo em nossa Cidade.<\/p>\n<p><img loading=\"lazy\" decoding=\"async\" class=\"alignnone size-full wp-image-68004\" src=\"https:\/\/jorgezanoni.com.br\/2019\/wp-content\/uploads\/2022\/08\/igreja.jpg\" alt=\"\" width=\"700\" height=\"527\" srcset=\"https:\/\/jorgezanoni.com.br\/2019\/wp-content\/uploads\/2022\/08\/igreja.jpg 700w, https:\/\/jorgezanoni.com.br\/2019\/wp-content\/uploads\/2022\/08\/igreja-300x226.jpg 300w, https:\/\/jorgezanoni.com.br\/2019\/wp-content\/uploads\/2022\/08\/igreja-80x60.jpg 80w, https:\/\/jorgezanoni.com.br\/2019\/wp-content\/uploads\/2022\/08\/igreja-696x524.jpg 696w, https:\/\/jorgezanoni.com.br\/2019\/wp-content\/uploads\/2022\/08\/igreja-558x420.jpg 558w\" sizes=\"auto, (max-width: 700px) 100vw, 700px\" \/> <img loading=\"lazy\" decoding=\"async\" class=\"alignnone size-full wp-image-68005\" src=\"https:\/\/jorgezanoni.com.br\/2019\/wp-content\/uploads\/2022\/08\/igreja1.jpg\" alt=\"\" width=\"700\" height=\"525\" srcset=\"https:\/\/jorgezanoni.com.br\/2019\/wp-content\/uploads\/2022\/08\/igreja1.jpg 700w, https:\/\/jorgezanoni.com.br\/2019\/wp-content\/uploads\/2022\/08\/igreja1-300x225.jpg 300w, https:\/\/jorgezanoni.com.br\/2019\/wp-content\/uploads\/2022\/08\/igreja1-80x60.jpg 80w, https:\/\/jorgezanoni.com.br\/2019\/wp-content\/uploads\/2022\/08\/igreja1-265x198.jpg 265w, https:\/\/jorgezanoni.com.br\/2019\/wp-content\/uploads\/2022\/08\/igreja1-696x522.jpg 696w, https:\/\/jorgezanoni.com.br\/2019\/wp-content\/uploads\/2022\/08\/igreja1-560x420.jpg 560w\" sizes=\"auto, (max-width: 700px) 100vw, 700px\" \/>Fonte: Com. Social Pol\u00edcia Militar<\/p>\n","protected":false},"excerpt":{"rendered":"<p>Na data de 21AGO22, a igreja Universal do Reino de Deus de Dracena, atrav\u00e9s do Programa Universal nas For\u00e7as Policiais &#8211; UFP fez uma homenagem de CONDERA\u00c7\u00c3O VALORATIVA AOS HEROIS DE SEGURAN\u00c7A, onde os Policiais Militares de Dracena receberam um Certificado de Reconhecimento pelas suas atua\u00e7\u00f5es no Policiamento Ostensivo Preventivo em nossa Cidade. Fonte: Com. [&hellip;]<\/p>\n","protected":false},"author":1,"featured_media":68006,"comment_status":"closed","ping_status":"open","sticky":false,"template":"","format":"standard","meta":{"footnotes":""},"categories":[110,2],"tags":[],"class_list":["post-68003","post","type-post","status-publish","format-standard","has-post-thumbnail","hentry","category-noticiasdestaque","category-policial"],"_links":{"self":[{"href":"https:\/\/jorgezanoni.com.br\/2019\/wp-json\/wp\/v2\/posts\/68003","targetHints":{"allow":["GET"]}}],"collection":[{"href":"https:\/\/jorgezanoni.com.br\/2019\/wp-json\/wp\/v2\/posts"}],"about":[{"href":"https:\/\/jorgezanoni.com.br\/2019\/wp-json\/wp\/v2\/types\/post"}],"author":[{"embeddable":true,"href":"https:\/\/jorgezanoni.com.br\/2019\/wp-json\/wp\/v2\/users\/1"}],"replies":[{"embeddable":true,"href":"https:\/\/jorgezanoni.com.br\/2019\/wp-json\/wp\/v2\/comments?post=68003"}],"version-history":[{"count":3,"href":"https:\/\/jorgezanoni.com.br\/2019\/wp-json\/wp\/v2\/posts\/68003\/revisions"}],"predecessor-version":[{"id":68009,"href":"https:\/\/jorgezanoni.com.br\/2019\/wp-json\/wp\/v2\/posts\/68003\/revisions\/68009"}],"wp:featuredmedia":[{"embeddable":true,"href":"https:\/\/jorgezanoni.com.br\/2019\/wp-json\/wp\/v2\/media\/68006"}],"wp:attachment":[{"href":"https:\/\/jorgezanoni.com.br\/2019\/wp-json\/wp\/v2\/media?parent=68003"}],"wp:term":[{"taxonomy":"category","embeddable":true,"href":"https:\/\/jorgezanoni.com.br\/2019\/wp-json\/wp\/v2\/categories?post=68003"},{"taxonomy":"post_tag","embeddable":true,"href":"https:\/\/jorgezanoni.com.br\/2019\/wp-json\/wp\/v2\/tags?post=68003"}],"curies":[{"name":"wp","href":"https:\/\/api.w.org\/{rel}","templated":true}]}}