{"id":6799,"date":"2019-09-21T01:15:57","date_gmt":"2019-09-21T01:15:57","guid":{"rendered":"https:\/\/jorgezanoni.com.br\/2019\/?p=6799"},"modified":"2019-09-21T01:15:57","modified_gmt":"2019-09-21T01:15:57","slug":"delegado-feres-karam-fala-no-caps-ii-de-dracena-sobre-vida-cidadania-e-prevencao-ao-suicidio","status":"publish","type":"post","link":"https:\/\/jorgezanoni.com.br\/2019\/delegado-feres-karam-fala-no-caps-ii-de-dracena-sobre-vida-cidadania-e-prevencao-ao-suicidio\/","title":{"rendered":"Delegado F\u00e9res Karam fala no Caps II de Dracena sobre vida, cidadania e preven\u00e7\u00e3o ao suic\u00eddio"},"content":{"rendered":"<p style=\"text-align: justify;\">Atendendo convite da Dire\u00e7\u00e3o DE Aten\u00e7\u00e3o em Sa\u00fade Mental do CAPS \u2013 Centro de Aten\u00e7\u00e3o Psicossocial \u2013 CAPS II DE Dracena, o Delegado de Pol\u00edcia Assistente da Delegacia Seccional de Pol\u00edcia de Dracena, Dr. F\u00e9res Cury Karam, esteve naquela institui\u00e7\u00e3o em contato com assistidos, homens e mulheres de v\u00e1rias idades, familiares e funcion\u00e1rios.<br \/>\nO Delegado compareceu falando sobre Direitos e Deveres da Cidadania, forma de se portarem na vida social, o respeito e a aten\u00e7\u00e3o que todos merecem, bem como o respeito devido \u00e0s leis e aos costumes para gerar progresso e bem estar e, no ensejo do Setembro Amarelo, falou sobre preven\u00e7\u00e3o ao suic\u00eddio, automutila\u00e7\u00e3o, bullying, transtornos mentais e destacou o pape importante da fam\u00edlia \u2013 onde ocorre o primeiro acolhimento \u2013 , da sociedade, das entidades assistenciais, Pol\u00edcia Civil e autoridades p\u00fablicas que lutam por um Brasil melhor, acolhendo todos os seus filhos que necessitam de ajuda.<br \/>\nDurante um bom tempo, o Delegado conversou com assistidos, e familiares, destacando muito a import\u00e2ncia da Pol\u00edcia Civil e de que forma ela pode e participa da vida das pessoas, n\u00e3o somente esclarecendo crimes, prendendo, realizando opera\u00e7\u00f5es policiais, mas auxiliando, orientando, numa busca incessante de tirar pessoas do nefasto mundo das drogas, dos v\u00edcios, dos crimes, auxiliando, encaminhando, orientando para que sejam reinseridos na vida social, pois policiais civis s\u00e3o pessoas preparadas, s\u00e3o homens e mulheres, pais, gente de bem, gente de fam\u00edlia que auxiliam de cora\u00e7\u00e3o aberto.<br \/>\nOrientou os presentes, familiares, assistidos e funcion\u00e1rios a solicitarem ajuda quando precisarem e que o ato de pedir ajuda demonstra intelig\u00eancia e coragem.<\/p>\n<p style=\"text-align: justify;\">Fonte: Com. Social Pol\u00edcia Civil<\/p>\n","protected":false},"excerpt":{"rendered":"<p>Atendendo convite da Dire\u00e7\u00e3o DE Aten\u00e7\u00e3o em Sa\u00fade Mental do CAPS \u2013 Centro de Aten\u00e7\u00e3o Psicossocial \u2013 CAPS II DE Dracena, o Delegado de Pol\u00edcia Assistente da Delegacia Seccional de Pol\u00edcia de Dracena, Dr. F\u00e9res Cury Karam, esteve naquela institui\u00e7\u00e3o em contato com assistidos, homens e mulheres de v\u00e1rias idades, familiares e funcion\u00e1rios. O Delegado [&hellip;]<\/p>\n","protected":false},"author":1,"featured_media":6800,"comment_status":"closed","ping_status":"open","sticky":false,"template":"","format":"standard","meta":{"footnotes":""},"categories":[2],"tags":[],"class_list":["post-6799","post","type-post","status-publish","format-standard","has-post-thumbnail","hentry","category-policial"],"_links":{"self":[{"href":"https:\/\/jorgezanoni.com.br\/2019\/wp-json\/wp\/v2\/posts\/6799","targetHints":{"allow":["GET"]}}],"collection":[{"href":"https:\/\/jorgezanoni.com.br\/2019\/wp-json\/wp\/v2\/posts"}],"about":[{"href":"https:\/\/jorgezanoni.com.br\/2019\/wp-json\/wp\/v2\/types\/post"}],"author":[{"embeddable":true,"href":"https:\/\/jorgezanoni.com.br\/2019\/wp-json\/wp\/v2\/users\/1"}],"replies":[{"embeddable":true,"href":"https:\/\/jorgezanoni.com.br\/2019\/wp-json\/wp\/v2\/comments?post=6799"}],"version-history":[{"count":0,"href":"https:\/\/jorgezanoni.com.br\/2019\/wp-json\/wp\/v2\/posts\/6799\/revisions"}],"wp:featuredmedia":[{"embeddable":true,"href":"https:\/\/jorgezanoni.com.br\/2019\/wp-json\/wp\/v2\/media\/6800"}],"wp:attachment":[{"href":"https:\/\/jorgezanoni.com.br\/2019\/wp-json\/wp\/v2\/media?parent=6799"}],"wp:term":[{"taxonomy":"category","embeddable":true,"href":"https:\/\/jorgezanoni.com.br\/2019\/wp-json\/wp\/v2\/categories?post=6799"},{"taxonomy":"post_tag","embeddable":true,"href":"https:\/\/jorgezanoni.com.br\/2019\/wp-json\/wp\/v2\/tags?post=6799"}],"curies":[{"name":"wp","href":"https:\/\/api.w.org\/{rel}","templated":true}]}}