{"id":67988,"date":"2022-08-23T19:52:52","date_gmt":"2022-08-23T19:52:52","guid":{"rendered":"https:\/\/jorgezanoni.com.br\/2019\/?p=67988"},"modified":"2022-08-23T19:52:52","modified_gmt":"2022-08-23T19:52:52","slug":"usuarios-reclamam-da-demora-do-siga-e-pare-em-rodovias-da-regiao","status":"publish","type":"post","link":"https:\/\/jorgezanoni.com.br\/2019\/usuarios-reclamam-da-demora-do-siga-e-pare-em-rodovias-da-regiao\/","title":{"rendered":"Usu\u00e1rios reclamam da demora do siga e pare em rodovias da regi\u00e3o"},"content":{"rendered":"<p style=\"text-align: justify;\">Motoristas que fazem uso da Rodovia Byron de Azevedo Nogueira que liga Dracena a Penitenci\u00e1ria, bem como da SP-563 Rodovia General Euclides de Oliveira Figueiredo (Integra\u00e7\u00e3o), est\u00e3o reclamando na demora do siga e pare.<\/p>\n<p style=\"text-align: justify;\">Segunda uma profissional liberal que tinha hor\u00e1rio marcado para atender pacientes, ficou parada por mais de uma hora hoje (23), pois a concession\u00e1ria que est\u00e1 fazendo o recape da SP-563, retirou a camada asf\u00e1ltica dos dois lados da pista e simplesmente interditou a rodovia. Longas filas se formaram em ambos os lados.<\/p>\n<p style=\"text-align: justify;\">Alega ela ainda que at\u00e9 ambul\u00e2ncias tiveram dificuldades para passarem pelos locais e que muita gente estava brava com a demora.<\/p>\n<p style=\"text-align: justify;\">Finaliza dizendo que a melhora \u00e9 importante, mas que essas empresas tenham crit\u00e9rios, deixando sempre uma das pistas abertas.<\/p>\n<p><img loading=\"lazy\" decoding=\"async\" class=\"alignnone size-full wp-image-67990\" src=\"https:\/\/jorgezanoni.com.br\/2019\/wp-content\/uploads\/2022\/08\/rodovia-1-2.jpg\" alt=\"\" width=\"712\" height=\"716\" srcset=\"https:\/\/jorgezanoni.com.br\/2019\/wp-content\/uploads\/2022\/08\/rodovia-1-2.jpg 712w, https:\/\/jorgezanoni.com.br\/2019\/wp-content\/uploads\/2022\/08\/rodovia-1-2-298x300.jpg 298w, https:\/\/jorgezanoni.com.br\/2019\/wp-content\/uploads\/2022\/08\/rodovia-1-2-150x150.jpg 150w, https:\/\/jorgezanoni.com.br\/2019\/wp-content\/uploads\/2022\/08\/rodovia-1-2-696x700.jpg 696w, https:\/\/jorgezanoni.com.br\/2019\/wp-content\/uploads\/2022\/08\/rodovia-1-2-418x420.jpg 418w\" sizes=\"auto, (max-width: 712px) 100vw, 712px\" \/><\/p>\n<p style=\"text-align: justify;\">Jorge Zanoni<\/p>\n<p style=\"text-align: justify;\">Fotos de Internauta<\/p>\n","protected":false},"excerpt":{"rendered":"<p>Motoristas que fazem uso da Rodovia Byron de Azevedo Nogueira que liga Dracena a Penitenci\u00e1ria, bem como da SP-563 Rodovia General Euclides de Oliveira Figueiredo (Integra\u00e7\u00e3o), est\u00e3o reclamando na demora do siga e pare. Segunda uma profissional liberal que tinha hor\u00e1rio marcado para atender pacientes, ficou parada por mais de uma hora hoje (23), pois [&hellip;]<\/p>\n","protected":false},"author":1,"featured_media":67989,"comment_status":"closed","ping_status":"open","sticky":false,"template":"","format":"standard","meta":{"footnotes":""},"categories":[180,110],"tags":[],"class_list":["post-67988","post","type-post","status-publish","format-standard","has-post-thumbnail","hentry","category-estradastransitoveiculos","category-noticiasdestaque"],"_links":{"self":[{"href":"https:\/\/jorgezanoni.com.br\/2019\/wp-json\/wp\/v2\/posts\/67988","targetHints":{"allow":["GET"]}}],"collection":[{"href":"https:\/\/jorgezanoni.com.br\/2019\/wp-json\/wp\/v2\/posts"}],"about":[{"href":"https:\/\/jorgezanoni.com.br\/2019\/wp-json\/wp\/v2\/types\/post"}],"author":[{"embeddable":true,"href":"https:\/\/jorgezanoni.com.br\/2019\/wp-json\/wp\/v2\/users\/1"}],"replies":[{"embeddable":true,"href":"https:\/\/jorgezanoni.com.br\/2019\/wp-json\/wp\/v2\/comments?post=67988"}],"version-history":[{"count":1,"href":"https:\/\/jorgezanoni.com.br\/2019\/wp-json\/wp\/v2\/posts\/67988\/revisions"}],"predecessor-version":[{"id":67992,"href":"https:\/\/jorgezanoni.com.br\/2019\/wp-json\/wp\/v2\/posts\/67988\/revisions\/67992"}],"wp:featuredmedia":[{"embeddable":true,"href":"https:\/\/jorgezanoni.com.br\/2019\/wp-json\/wp\/v2\/media\/67989"}],"wp:attachment":[{"href":"https:\/\/jorgezanoni.com.br\/2019\/wp-json\/wp\/v2\/media?parent=67988"}],"wp:term":[{"taxonomy":"category","embeddable":true,"href":"https:\/\/jorgezanoni.com.br\/2019\/wp-json\/wp\/v2\/categories?post=67988"},{"taxonomy":"post_tag","embeddable":true,"href":"https:\/\/jorgezanoni.com.br\/2019\/wp-json\/wp\/v2\/tags?post=67988"}],"curies":[{"name":"wp","href":"https:\/\/api.w.org\/{rel}","templated":true}]}}