{"id":67985,"date":"2022-08-23T19:39:42","date_gmt":"2022-08-23T19:39:42","guid":{"rendered":"https:\/\/jorgezanoni.com.br\/2019\/?p=67985"},"modified":"2022-08-23T19:39:42","modified_gmt":"2022-08-23T19:39:42","slug":"policia-civil-participa-de-acao-da-campanha-do-agosto-lilas-na-penitenciaria-feminina-de-tupi-paulista","status":"publish","type":"post","link":"https:\/\/jorgezanoni.com.br\/2019\/policia-civil-participa-de-acao-da-campanha-do-agosto-lilas-na-penitenciaria-feminina-de-tupi-paulista\/","title":{"rendered":"Pol\u00edcia Civil participa de a\u00e7\u00e3o da campanha do &#8220;Agosto Lil\u00e1s&#8221; na Penitenci\u00e1ria Feminina de Tupi Paulista"},"content":{"rendered":"<p style=\"text-align: justify;\">A Pol\u00edcia Civil, em parceria com a Penitenci\u00e1ria Feminina de Tupi Paulista, ministrou ontem (22), uma palestra sobre preven\u00e7\u00e3o e combate \u00e0 viol\u00eancia contra a mulher para cerca de 30 reeducandas, que cumprem pena naquela unidade prisional.<br \/>\nO convite foi pela diretora da penitenci\u00e1ria, Adriana Alkmin Pereira Domingues, e palestra foi ministrada pelo delegado de pol\u00edcia, Dr Eliandro Renato dos Santos, titular da Delegacia de Pol\u00edcia de Junqueir\u00f3polis.<br \/>\nO tema discorrido fez refer\u00eancia a campanha do \u201cAgosto Lil\u00e1s\u201d, m\u00eas de enfrentamento \u00e0 viol\u00eancia dom\u00e9stica e familiar contra mulher. Al\u00e9m das reeducandas, participaram do evento professores e funcion\u00e1rio na institui\u00e7\u00e3o prisional.<\/p>\n<p style=\"text-align: justify;\">Fonte: Com. Social Pol\u00edcia Civil<\/p>\n","protected":false},"excerpt":{"rendered":"<p>A Pol\u00edcia Civil, em parceria com a Penitenci\u00e1ria Feminina de Tupi Paulista, ministrou ontem (22), uma palestra sobre preven\u00e7\u00e3o e combate \u00e0 viol\u00eancia contra a mulher para cerca de 30 reeducandas, que cumprem pena naquela unidade prisional. O convite foi pela diretora da penitenci\u00e1ria, Adriana Alkmin Pereira Domingues, e palestra foi ministrada pelo delegado de [&hellip;]<\/p>\n","protected":false},"author":1,"featured_media":67986,"comment_status":"closed","ping_status":"open","sticky":false,"template":"","format":"standard","meta":{"footnotes":""},"categories":[110,2],"tags":[],"class_list":["post-67985","post","type-post","status-publish","format-standard","has-post-thumbnail","hentry","category-noticiasdestaque","category-policial"],"_links":{"self":[{"href":"https:\/\/jorgezanoni.com.br\/2019\/wp-json\/wp\/v2\/posts\/67985","targetHints":{"allow":["GET"]}}],"collection":[{"href":"https:\/\/jorgezanoni.com.br\/2019\/wp-json\/wp\/v2\/posts"}],"about":[{"href":"https:\/\/jorgezanoni.com.br\/2019\/wp-json\/wp\/v2\/types\/post"}],"author":[{"embeddable":true,"href":"https:\/\/jorgezanoni.com.br\/2019\/wp-json\/wp\/v2\/users\/1"}],"replies":[{"embeddable":true,"href":"https:\/\/jorgezanoni.com.br\/2019\/wp-json\/wp\/v2\/comments?post=67985"}],"version-history":[{"count":1,"href":"https:\/\/jorgezanoni.com.br\/2019\/wp-json\/wp\/v2\/posts\/67985\/revisions"}],"predecessor-version":[{"id":67987,"href":"https:\/\/jorgezanoni.com.br\/2019\/wp-json\/wp\/v2\/posts\/67985\/revisions\/67987"}],"wp:featuredmedia":[{"embeddable":true,"href":"https:\/\/jorgezanoni.com.br\/2019\/wp-json\/wp\/v2\/media\/67986"}],"wp:attachment":[{"href":"https:\/\/jorgezanoni.com.br\/2019\/wp-json\/wp\/v2\/media?parent=67985"}],"wp:term":[{"taxonomy":"category","embeddable":true,"href":"https:\/\/jorgezanoni.com.br\/2019\/wp-json\/wp\/v2\/categories?post=67985"},{"taxonomy":"post_tag","embeddable":true,"href":"https:\/\/jorgezanoni.com.br\/2019\/wp-json\/wp\/v2\/tags?post=67985"}],"curies":[{"name":"wp","href":"https:\/\/api.w.org\/{rel}","templated":true}]}}